{"id":292800,"date":"2017-08-12T14:36:26","date_gmt":"2017-08-12T18:36:26","guid":{"rendered":"http:\/\/primermomento.com\/?p=292800"},"modified":"2017-08-12T14:41:42","modified_gmt":"2017-08-12T18:41:42","slug":"bani-instalarian-policias-acostados-en-escuelas-y-otros-lugares","status":"publish","type":"post","link":"https:\/\/primermomento.com\/?p=292800","title":{"rendered":"BAN\u00cd | Instalar\u00edan \u00abpolic\u00edas acostados\u00bb cerca de escuelas"},"content":{"rendered":"<p>BAN\u00cd, Rep\u00fablica Dominicana.- Una propuesta, que busca construir reductores de velocidad o \u00abpolic\u00edas acostados\u00bb en las cercan\u00edas de las escuelas p\u00fablicas, recibi\u00f3 el apoyo de los miembros del Concejo Municipal de esta localidad.<\/p>\n<p><img loading=\"lazy\" decoding=\"async\" class=\"size-medium wp-image-292801 alignleft\" src=\"http:\/\/primermomento.com\/wp-content\/uploads\/2017\/08\/reductores-de-velocidad-300x200.jpg\" alt=\"\" width=\"300\" height=\"200\" srcset=\"https:\/\/primermomento.com\/wp-content\/uploads\/2017\/08\/reductores-de-velocidad-300x200.jpg 300w, https:\/\/primermomento.com\/wp-content\/uploads\/2017\/08\/reductores-de-velocidad-73x50.jpg 73w, https:\/\/primermomento.com\/wp-content\/uploads\/2017\/08\/reductores-de-velocidad-500x333.jpg 500w, https:\/\/primermomento.com\/wp-content\/uploads\/2017\/08\/reductores-de-velocidad-280x187.jpg 280w, https:\/\/primermomento.com\/wp-content\/uploads\/2017\/08\/reductores-de-velocidad-60x40.jpg 60w, https:\/\/primermomento.com\/wp-content\/uploads\/2017\/08\/reductores-de-velocidad-118x79.jpg 118w, https:\/\/primermomento.com\/wp-content\/uploads\/2017\/08\/reductores-de-velocidad-479x319.jpg 479w, https:\/\/primermomento.com\/wp-content\/uploads\/2017\/08\/reductores-de-velocidad.jpg 600w\" sizes=\"auto, (max-width: 300px) 100vw, 300px\" \/>La iniciativa, que fue presentada por la concejal Mabel Castillo,\u00a0 inmediatamente recibi\u00f3 el respaldo de sus colegas Carolina D\u00edaz y Leonidas D\u00edaz, aunque este observ\u00f3 que deber\u00edan ser incluidos el hospital p\u00fablico y las cl\u00ednicas privadas.<\/p>\n<p>Otra enmienda a la propuesta original la hizo el regidor Luis B\u00e1ez quien consider\u00f3 pertinente que la restricci\u00f3n al tr\u00e1nsito vehicular se extienda tambi\u00e9n a las instalaciones deportivas.<\/p>\n<p>Sin embargo, se desconoce si esta medida ser\u00eda aplicada por Obras Municipales, la oficina encargada de hacer cumplir la resoluci\u00f3n de la Sala Capitular, en lo inmediato.<\/p>\n<p>Ha trascendido que el presupuesto destinado a obras municipales ha sido agotado.<\/p>\n<p style=\"text-align: right;\"><span style=\"color: #ff0000;\">Primer<\/span>Momento<\/p>\n<p>&nbsp;<\/p>\n","protected":false},"excerpt":{"rendered":"<p>BAN\u00cd, Rep\u00fablica Dominicana.- Una propuesta, que busca construir reductores de velocidad o \u00abpolic\u00edas acostados\u00bb en las cercan\u00edas de las escuelas p\u00fablicas, recibi\u00f3 el apoyo de los miembros del Concejo Municipal de esta localidad. La iniciativa, que fue presentada por la concejal Mabel Castillo,\u00a0 inmediatamente recibi\u00f3 el respaldo de sus colegas Carolina D\u00edaz y Leonidas D\u00edaz, [&hellip;]<\/p>\n","protected":false},"author":1,"featured_media":0,"comment_status":"open","ping_status":"open","sticky":false,"template":"","format":"standard","meta":{"_bbp_topic_count":0,"_bbp_reply_count":0,"_bbp_total_topic_count":0,"_bbp_total_reply_count":0,"_bbp_voice_count":0,"_bbp_anonymous_reply_count":0,"_bbp_topic_count_hidden":0,"_bbp_reply_count_hidden":0,"_bbp_forum_subforum_count":0,"footnotes":""},"categories":[30,60],"tags":[],"class_list":{"0":"post-292800","1":"post","2":"type-post","3":"status-publish","4":"format-standard","6":"category-actualidad","7":"category-titulares-del-dia"},"_links":{"self":[{"href":"https:\/\/primermomento.com\/index.php?rest_route=\/wp\/v2\/posts\/292800","targetHints":{"allow":["GET"]}}],"collection":[{"href":"https:\/\/primermomento.com\/index.php?rest_route=\/wp\/v2\/posts"}],"about":[{"href":"https:\/\/primermomento.com\/index.php?rest_route=\/wp\/v2\/types\/post"}],"author":[{"embeddable":true,"href":"https:\/\/primermomento.com\/index.php?rest_route=\/wp\/v2\/users\/1"}],"replies":[{"embeddable":true,"href":"https:\/\/primermomento.com\/index.php?rest_route=%2Fwp%2Fv2%2Fcomments&post=292800"}],"version-history":[{"count":0,"href":"https:\/\/primermomento.com\/index.php?rest_route=\/wp\/v2\/posts\/292800\/revisions"}],"wp:attachment":[{"href":"https:\/\/primermomento.com\/index.php?rest_route=%2Fwp%2Fv2%2Fmedia&parent=292800"}],"wp:term":[{"taxonomy":"category","embeddable":true,"href":"https:\/\/primermomento.com\/index.php?rest_route=%2Fwp%2Fv2%2Fcategories&post=292800"},{"taxonomy":"post_tag","embeddable":true,"href":"https:\/\/primermomento.com\/index.php?rest_route=%2Fwp%2Fv2%2Ftags&post=292800"}],"curies":[{"name":"wp","href":"https:\/\/api.w.org\/{rel}","templated":true}]}}