{"id":292806,"date":"2017-08-12T15:15:29","date_gmt":"2017-08-12T19:15:29","guid":{"rendered":"http:\/\/primermomento.com\/?p=292806"},"modified":"2017-08-14T14:25:32","modified_gmt":"2017-08-14T18:25:32","slug":"bani-marcha-verde-tendra-cena-panel-sobre-el-futuro-del-pais","status":"publish","type":"post","link":"https:\/\/primermomento.com\/?p=292806","title":{"rendered":"BAN\u00cd | Marcha Verde tendr\u00e1 cena-panel sobre el futuro del pa\u00eds"},"content":{"rendered":"<p>BAN\u00cd, Rep\u00fablica Dominicana.- Para recaudar fondos, el Movimiento Marcha Verde tendr\u00e1 esta noche una cena conferencia en un conocido restaurante de esta ciudad.<\/p>\n<figure id=\"attachment_292674\" aria-describedby=\"caption-attachment-292674\" style=\"width: 300px\" class=\"wp-caption alignleft\"><img loading=\"lazy\" decoding=\"async\" class=\"size-medium wp-image-292674\" src=\"http:\/\/primermomento.com\/wp-content\/uploads\/2017\/08\/Hector-Turbi-marcha-verde-300x234.jpg\" alt=\"\" width=\"300\" height=\"234\" srcset=\"https:\/\/primermomento.com\/wp-content\/uploads\/2017\/08\/Hector-Turbi-marcha-verde-300x234.jpg 300w, https:\/\/primermomento.com\/wp-content\/uploads\/2017\/08\/Hector-Turbi-marcha-verde-80x63.jpg 80w, https:\/\/primermomento.com\/wp-content\/uploads\/2017\/08\/Hector-Turbi-marcha-verde-500x390.jpg 500w, https:\/\/primermomento.com\/wp-content\/uploads\/2017\/08\/Hector-Turbi-marcha-verde-280x218.jpg 280w, https:\/\/primermomento.com\/wp-content\/uploads\/2017\/08\/Hector-Turbi-marcha-verde-638x498.jpg 638w, https:\/\/primermomento.com\/wp-content\/uploads\/2017\/08\/Hector-Turbi-marcha-verde-118x92.jpg 118w, https:\/\/primermomento.com\/wp-content\/uploads\/2017\/08\/Hector-Turbi-marcha-verde-479x374.jpg 479w, https:\/\/primermomento.com\/wp-content\/uploads\/2017\/08\/Hector-Turbi-marcha-verde.jpg 764w\" sizes=\"auto, (max-width: 300px) 100vw, 300px\" \/><figcaption id=\"caption-attachment-292674\" class=\"wp-caption-text\">El banilejo H\u00e9ctor Turb\u00ed, uno de los coordinadores de la Marcha Verde, dirigente del Comit\u00e9 Nacional Contra el Cambio Clim\u00e1tico, habla con los periodistas acerca de la caminata hacia Punta Catalina. Foto | Fuente externa.<\/figcaption><\/figure>\n<p>La cena-panel tiene como t\u00edtulo Marcha Verde y el Futuro de la Rep\u00fablica Dominicana.<\/p>\n<p>Los expositores ser\u00e1n el destacado periodista Juan Bol\u00edvar D\u00edaz, la educadora Mar\u00eda Teresa Cabrera y el abogado Bartolom\u00e9 Pujals.<\/p>\n<p>El evento se efectuar\u00e1 en el restaurante Fiesta del Chivo, localizado en la calle 16 de agosto esquina Mella.<\/p>\n<p>H\u00e9ctor Turb\u00ed, coordinador de la Marcha por el Fin de la Impunidad, dijo que todo est\u00e1 preparado para la importante conferencia de esta noche que tiene un costo 500 pesos por persona.<\/p>\n<p style=\"text-align: right;\"><span style=\"color: #ff0000;\">Primer<\/span>Momento<\/p>\n","protected":false},"excerpt":{"rendered":"<p>BAN\u00cd, Rep\u00fablica Dominicana.- Para recaudar fondos, el Movimiento Marcha Verde tendr\u00e1 esta noche una cena conferencia en un conocido restaurante de esta ciudad. La cena-panel tiene como t\u00edtulo Marcha Verde y el Futuro de la Rep\u00fablica Dominicana. Los expositores ser\u00e1n el destacado periodista Juan Bol\u00edvar D\u00edaz, la educadora Mar\u00eda Teresa Cabrera y el abogado Bartolom\u00e9 [&hellip;]<\/p>\n","protected":false},"author":1,"featured_media":0,"comment_status":"open","ping_status":"open","sticky":false,"template":"","format":"standard","meta":{"_bbp_topic_count":0,"_bbp_reply_count":0,"_bbp_total_topic_count":0,"_bbp_total_reply_count":0,"_bbp_voice_count":0,"_bbp_anonymous_reply_count":0,"_bbp_topic_count_hidden":0,"_bbp_reply_count_hidden":0,"_bbp_forum_subforum_count":0,"footnotes":""},"categories":[60,31],"tags":[],"class_list":{"0":"post-292806","1":"post","2":"type-post","3":"status-publish","4":"format-standard","6":"category-titulares-del-dia","7":"category-estados-unidos"},"_links":{"self":[{"href":"https:\/\/primermomento.com\/index.php?rest_route=\/wp\/v2\/posts\/292806","targetHints":{"allow":["GET"]}}],"collection":[{"href":"https:\/\/primermomento.com\/index.php?rest_route=\/wp\/v2\/posts"}],"about":[{"href":"https:\/\/primermomento.com\/index.php?rest_route=\/wp\/v2\/types\/post"}],"author":[{"embeddable":true,"href":"https:\/\/primermomento.com\/index.php?rest_route=\/wp\/v2\/users\/1"}],"replies":[{"embeddable":true,"href":"https:\/\/primermomento.com\/index.php?rest_route=%2Fwp%2Fv2%2Fcomments&post=292806"}],"version-history":[{"count":0,"href":"https:\/\/primermomento.com\/index.php?rest_route=\/wp\/v2\/posts\/292806\/revisions"}],"wp:attachment":[{"href":"https:\/\/primermomento.com\/index.php?rest_route=%2Fwp%2Fv2%2Fmedia&parent=292806"}],"wp:term":[{"taxonomy":"category","embeddable":true,"href":"https:\/\/primermomento.com\/index.php?rest_route=%2Fwp%2Fv2%2Fcategories&post=292806"},{"taxonomy":"post_tag","embeddable":true,"href":"https:\/\/primermomento.com\/index.php?rest_route=%2Fwp%2Fv2%2Ftags&post=292806"}],"curies":[{"name":"wp","href":"https:\/\/api.w.org\/{rel}","templated":true}]}}