{"id":292808,"date":"2017-08-12T13:30:56","date_gmt":"2017-08-12T17:30:56","guid":{"rendered":"http:\/\/primermomento.com\/?p=292808"},"modified":"2017-08-12T15:55:54","modified_gmt":"2017-08-12T19:55:54","slug":"gobernador-de-virginia-declara-emergencia-por-violencia-racista","status":"publish","type":"post","link":"https:\/\/primermomento.com\/?p=292808","title":{"rendered":"Gobernador de Virginia declara emergencia por violencia racista"},"content":{"rendered":"<p>CHALOTTESVILLE, Virginia.- Tres autom\u00f3viles colisionaron en una calle peatonal en el centro de la pintoresca ciudad de Charlottesville, Virginia el s\u00e1bado por la tarde horas despu\u00e9s de los violentos enfrentamientos entre nacionalistas blancos y antifacistas que obligaron al gobernador estatal, Terry McAuliffe, a declarar un estado de emergencia.<\/p>\n<figure id=\"attachment_292809\" aria-describedby=\"caption-attachment-292809\" style=\"width: 300px\" class=\"wp-caption alignleft\"><img loading=\"lazy\" decoding=\"async\" class=\"size-medium wp-image-292809\" src=\"http:\/\/primermomento.com\/wp-content\/uploads\/2017\/08\/violencia-en-virginia-300x169.jpg\" alt=\"\" width=\"300\" height=\"169\" srcset=\"https:\/\/primermomento.com\/wp-content\/uploads\/2017\/08\/violencia-en-virginia-300x169.jpg 300w, https:\/\/primermomento.com\/wp-content\/uploads\/2017\/08\/violencia-en-virginia-768x432.jpg 768w, https:\/\/primermomento.com\/wp-content\/uploads\/2017\/08\/violencia-en-virginia-478x270.jpg 478w, https:\/\/primermomento.com\/wp-content\/uploads\/2017\/08\/violencia-en-virginia-500x281.jpg 500w, https:\/\/primermomento.com\/wp-content\/uploads\/2017\/08\/violencia-en-virginia-280x157.jpg 280w, https:\/\/primermomento.com\/wp-content\/uploads\/2017\/08\/violencia-en-virginia-638x359.jpg 638w, https:\/\/primermomento.com\/wp-content\/uploads\/2017\/08\/violencia-en-virginia-118x66.jpg 118w, https:\/\/primermomento.com\/wp-content\/uploads\/2017\/08\/violencia-en-virginia-479x269.jpg 479w, https:\/\/primermomento.com\/wp-content\/uploads\/2017\/08\/violencia-en-virginia.jpg 1023w\" sizes=\"auto, (max-width: 300px) 100vw, 300px\" \/><figcaption id=\"caption-attachment-292809\" class=\"wp-caption-text\">Veh\u00edculo atropella a manifestante antinationalista en Charlottesville, Virginia.<\/figcaption><\/figure>\n<p>No estaba claro si el incidente fue accidental o intencional, pero al menos 10 personas que se manifestaban pac\u00edficamente resultaron heridas.<\/p>\n<p>El presidente Donald Trump hizo un llamado a la unidad en Twitter tras permanecer en silencio durante toda la ma\u00f1ana del s\u00e1bado. \u201cTodos debemos unirnos y condenar a todo lo que tiene que ver con el odio. No hay espacio para esta clase de violencia en Estados Unidos. \u00a1Junt\u00e9monos como uno solo!\u201d, dijo en un tuit poco despu\u00e9s de la 1:00 p.m.<\/p>\n<p>Pero su tuit fue respondido casi inmediatamente por el l\u00edder del Ku Klux Klan, David Duke, un seguidor de Trump que estaba en Charlottesville. \u201cAs\u00ed que tras d\u00e9cadas de que los estadounidenses blancos sean blanco de la discriminaci\u00f3n y del odio antiblanco, nos unimos como pueblo, \u00bfy usted nos ataca?\u201d, dijo Duke en Twitter.<\/p>\n<p>Se esperaba que Trump hablara en p\u00fablico por la tarde.<\/p>\n<p>Los incidentes del s\u00e1bado iniciaron cuando supremacistas blancos, neo-nazis, activistas de extrema derecha y confederalistas se reunieron por la ma\u00f1ana en el Parque de la Emancipaci\u00f3n, en el centro de la ciudad, en anticipaci\u00f3n a la protesta \u00abUnited the Right\u00bb, convocada para el medio d\u00eda.<\/p>\n<p>La manifestaci\u00f3n ten\u00eda por objeto protestar la remoci\u00f3n de una estatua del comandante de las fuerzas confederadas en la Guerra Civil Americana, Robert E. Lee.<\/p>\n<p>Pero la violencia se desat\u00f3 cuando supremacistas comenzaron a usar las astas de las banderas y carteles que portaban y aerosol de pimienta para atacar a los contra-manifestantes.\u200b<\/p>\n<p>La Guardia Nacional apoy\u00f3 a la polic\u00eda tratando de calmar las tensiones. La declaraci\u00f3n de emergencia del gobernador y una declaraci\u00f3n de \u00abasociaci\u00f3n il\u00edcita\u00bb emitida por la ciudad de Charlottesville cancelaron la protesta antes de que comenzara.\u200b<\/p>\n<p>Las autoridades calculaban que unos 2.000 a 6.000 personas asistir\u00edan a la concentraci\u00f3n, y se esperaban tambi\u00e9n miles de contra-manifestantes.<\/p>\n<p>La vol\u00e1til situaci\u00f3n llev\u00f3 a Melania Trump, el expresidente Bill Clinton y otros pol\u00edticos a pronunciarse.<\/p>\n<p>\u00abNuestro pa\u00eds alienta la libertad de expresi\u00f3n, pero comuniqu\u00e9monos sin odio en nuestros corazones. Nada bueno viene de la violencia\u00bb, dijo en la red social la primera dama.<\/p>\n<p>El vicepresidente Mike Pence, dijo en su cuenta de Twitter que \u00abapoya al presidente contra el odio y la violencia. Estados Unidos es m\u00e1s grande cuando nos unimos y nos oponemos a los que buscan dividirnos\u00bb.<\/p>\n<p>El expresidente Bill Clinton tuite\u00f3: \u00abIncluso cuando protegemos la libertad de expresi\u00f3n y de asamblea debemos condenar el odio, la violencia y la supremac\u00eda blanca\u00bb.<\/p>\n<p>El senador dem\u00f3crata Bernie Sanders escribi\u00f3 en Twitter: \u00abLa manifestaci\u00f3n nacionalista blanca en #Charlottesville es una censurable exhibici\u00f3n de racismo y odio que no tiene lugar en nuestra sociedad\u00bb.<\/p>\n<p style=\"text-align: right;\"><span style=\"color: #ff0000;\"><em>VOANEWS<\/em><\/span><\/p>\n","protected":false},"excerpt":{"rendered":"<p>CHALOTTESVILLE, Virginia.- Tres autom\u00f3viles colisionaron en una calle peatonal en el centro de la pintoresca ciudad de Charlottesville, Virginia el s\u00e1bado por la tarde horas despu\u00e9s de los violentos enfrentamientos entre nacionalistas blancos y antifacistas que obligaron al gobernador estatal, Terry McAuliffe, a declarar un estado de emergencia. No estaba claro si el incidente fue [&hellip;]<\/p>\n","protected":false},"author":1,"featured_media":0,"comment_status":"open","ping_status":"open","sticky":false,"template":"","format":"standard","meta":{"_bbp_topic_count":0,"_bbp_reply_count":0,"_bbp_total_topic_count":0,"_bbp_total_reply_count":0,"_bbp_voice_count":0,"_bbp_anonymous_reply_count":0,"_bbp_topic_count_hidden":0,"_bbp_reply_count_hidden":0,"_bbp_forum_subforum_count":0,"footnotes":""},"categories":[60,31],"tags":[],"class_list":{"0":"post-292808","1":"post","2":"type-post","3":"status-publish","4":"format-standard","6":"category-titulares-del-dia","7":"category-estados-unidos"},"_links":{"self":[{"href":"https:\/\/primermomento.com\/index.php?rest_route=\/wp\/v2\/posts\/292808","targetHints":{"allow":["GET"]}}],"collection":[{"href":"https:\/\/primermomento.com\/index.php?rest_route=\/wp\/v2\/posts"}],"about":[{"href":"https:\/\/primermomento.com\/index.php?rest_route=\/wp\/v2\/types\/post"}],"author":[{"embeddable":true,"href":"https:\/\/primermomento.com\/index.php?rest_route=\/wp\/v2\/users\/1"}],"replies":[{"embeddable":true,"href":"https:\/\/primermomento.com\/index.php?rest_route=%2Fwp%2Fv2%2Fcomments&post=292808"}],"version-history":[{"count":0,"href":"https:\/\/primermomento.com\/index.php?rest_route=\/wp\/v2\/posts\/292808\/revisions"}],"wp:attachment":[{"href":"https:\/\/primermomento.com\/index.php?rest_route=%2Fwp%2Fv2%2Fmedia&parent=292808"}],"wp:term":[{"taxonomy":"category","embeddable":true,"href":"https:\/\/primermomento.com\/index.php?rest_route=%2Fwp%2Fv2%2Fcategories&post=292808"},{"taxonomy":"post_tag","embeddable":true,"href":"https:\/\/primermomento.com\/index.php?rest_route=%2Fwp%2Fv2%2Ftags&post=292808"}],"curies":[{"name":"wp","href":"https:\/\/api.w.org\/{rel}","templated":true}]}}