{"id":292820,"date":"2017-08-13T12:53:06","date_gmt":"2017-08-13T16:53:06","guid":{"rendered":"http:\/\/primermomento.com\/?p=292820"},"modified":"2017-08-13T12:53:06","modified_gmt":"2017-08-13T16:53:06","slug":"vicepresidente-mike-pence-sale-de-gira-para-america-latina","status":"publish","type":"post","link":"https:\/\/primermomento.com\/?p=292820","title":{"rendered":"Vicepresidente Mike Pence sale de gira para Am\u00e9rica Latina"},"content":{"rendered":"<div class=\"fullNewsIntrotext\">WASHINGTON, Distrito de Columbia.- El vicepresidente de Estados Unidos, Mike Pence, comenzar\u00e1 hoy un periplo por Colombia, Argentina, Chile y Panam\u00e1 en aras de fortalecer los v\u00ednculos comerciales con esos pa\u00edses de Am\u00e9rica Latina.<\/div>\n<div><\/div>\n<div class=\"fullNewsFulltext\"><img loading=\"lazy\" decoding=\"async\" class=\"size-medium wp-image-292821 alignleft\" src=\"http:\/\/primermomento.com\/wp-content\/uploads\/2017\/08\/pence-gira-300x169.jpg\" alt=\"\" width=\"300\" height=\"169\" srcset=\"https:\/\/primermomento.com\/wp-content\/uploads\/2017\/08\/pence-gira-300x169.jpg 300w, https:\/\/primermomento.com\/wp-content\/uploads\/2017\/08\/pence-gira-478x270.jpg 478w, https:\/\/primermomento.com\/wp-content\/uploads\/2017\/08\/pence-gira-500x281.jpg 500w, https:\/\/primermomento.com\/wp-content\/uploads\/2017\/08\/pence-gira-280x158.jpg 280w, https:\/\/primermomento.com\/wp-content\/uploads\/2017\/08\/pence-gira-638x359.jpg 638w, https:\/\/primermomento.com\/wp-content\/uploads\/2017\/08\/pence-gira-118x66.jpg 118w, https:\/\/primermomento.com\/wp-content\/uploads\/2017\/08\/pence-gira-479x270.jpg 479w, https:\/\/primermomento.com\/wp-content\/uploads\/2017\/08\/pence-gira.jpg 750w\" sizes=\"auto, (max-width: 300px) 100vw, 300px\" \/>La gira ser\u00e1 la primera a esa regi\u00f3n de un alto representante del gobierno norteamericano desde la llegada a la Casa Blanca del presidente Donald Trump, quien ya recibi\u00f3 a sus pares de las naciones mencionadas, excepto a la gobernante chilena, Michelle Bachelet.<\/p>\n<p>Aparte de la estancia en las respectivas capitales de cada pa\u00eds, Pence visitar\u00e1 este domingo la ciudad colombiana de Cartagena de Indias, seg\u00fan su agenda.<\/p>\n<p>Cuando anunci\u00f3 el recorrido, el vicemandatario expuso que respond\u00eda a una directiva de Trump para &#8216;reforzar los objetivos econ\u00f3micos y de seguridad compartidos&#8217;.<\/p>\n<p>Pence estar\u00e1 acompa\u00f1ado por su esposa Karen, quien, divulg\u00f3 la Casa Blanca, observar\u00e1 sesiones de terapia de arte y dialogar\u00e1 con expertos en esa disciplina destinada a ayudar a personas con padecimintos emocionales.<\/p><\/div>\n<div><\/div>\n<div style=\"text-align: right;\"><span style=\"color: #ff0000;\"><em>PL<\/em><\/span><\/div>\n","protected":false},"excerpt":{"rendered":"<p>WASHINGTON, Distrito de Columbia.- El vicepresidente de Estados Unidos, Mike Pence, comenzar\u00e1 hoy un periplo por Colombia, Argentina, Chile y Panam\u00e1 en aras de fortalecer los v\u00ednculos comerciales con esos pa\u00edses de Am\u00e9rica Latina. La gira ser\u00e1 la primera a esa regi\u00f3n de un alto representante del gobierno norteamericano desde la llegada a la Casa [&hellip;]<\/p>\n","protected":false},"author":1,"featured_media":0,"comment_status":"open","ping_status":"open","sticky":false,"template":"","format":"standard","meta":{"_bbp_topic_count":0,"_bbp_reply_count":0,"_bbp_total_topic_count":0,"_bbp_total_reply_count":0,"_bbp_voice_count":0,"_bbp_anonymous_reply_count":0,"_bbp_topic_count_hidden":0,"_bbp_reply_count_hidden":0,"_bbp_forum_subforum_count":0,"footnotes":""},"categories":[31],"tags":[],"class_list":{"0":"post-292820","1":"post","2":"type-post","3":"status-publish","4":"format-standard","6":"category-estados-unidos"},"_links":{"self":[{"href":"https:\/\/primermomento.com\/index.php?rest_route=\/wp\/v2\/posts\/292820","targetHints":{"allow":["GET"]}}],"collection":[{"href":"https:\/\/primermomento.com\/index.php?rest_route=\/wp\/v2\/posts"}],"about":[{"href":"https:\/\/primermomento.com\/index.php?rest_route=\/wp\/v2\/types\/post"}],"author":[{"embeddable":true,"href":"https:\/\/primermomento.com\/index.php?rest_route=\/wp\/v2\/users\/1"}],"replies":[{"embeddable":true,"href":"https:\/\/primermomento.com\/index.php?rest_route=%2Fwp%2Fv2%2Fcomments&post=292820"}],"version-history":[{"count":0,"href":"https:\/\/primermomento.com\/index.php?rest_route=\/wp\/v2\/posts\/292820\/revisions"}],"wp:attachment":[{"href":"https:\/\/primermomento.com\/index.php?rest_route=%2Fwp%2Fv2%2Fmedia&parent=292820"}],"wp:term":[{"taxonomy":"category","embeddable":true,"href":"https:\/\/primermomento.com\/index.php?rest_route=%2Fwp%2Fv2%2Fcategories&post=292820"},{"taxonomy":"post_tag","embeddable":true,"href":"https:\/\/primermomento.com\/index.php?rest_route=%2Fwp%2Fv2%2Ftags&post=292820"}],"curies":[{"name":"wp","href":"https:\/\/api.w.org\/{rel}","templated":true}]}}