{"id":292823,"date":"2017-08-13T12:55:31","date_gmt":"2017-08-13T16:55:31","guid":{"rendered":"http:\/\/primermomento.com\/?p=292823"},"modified":"2017-08-13T12:55:31","modified_gmt":"2017-08-13T16:55:31","slug":"cartagena-de-indias-recibe-blindada-a-vicepresidente-estadounidense","status":"publish","type":"post","link":"https:\/\/primermomento.com\/?p=292823","title":{"rendered":"Cartagena de Indias recibe blindada a vicepresidente estadounidense"},"content":{"rendered":"<div class=\"fullNewsIntrotext\">CARTAGENA DE INDIAS, Colombia.- El esquema de seguridad previsto para recibir hoy al vicepresidente estadounidense, Mike Pence, tendr\u00e1 la misma profundidad con la que se espera a los jefes de Estado visitantes en el balneario caribe\u00f1o de Cartagena de Indias.<\/div>\n<div><\/div>\n<div class=\"fullNewsFulltext\"><img loading=\"lazy\" decoding=\"async\" class=\"size-medium wp-image-292824 alignright\" src=\"http:\/\/primermomento.com\/wp-content\/uploads\/2017\/08\/general-Luis-Poveda-300x200.jpg\" alt=\"\" width=\"300\" height=\"200\" srcset=\"https:\/\/primermomento.com\/wp-content\/uploads\/2017\/08\/general-Luis-Poveda-300x200.jpg 300w, https:\/\/primermomento.com\/wp-content\/uploads\/2017\/08\/general-Luis-Poveda-73x50.jpg 73w, https:\/\/primermomento.com\/wp-content\/uploads\/2017\/08\/general-Luis-Poveda-500x333.jpg 500w, https:\/\/primermomento.com\/wp-content\/uploads\/2017\/08\/general-Luis-Poveda-280x186.jpg 280w, https:\/\/primermomento.com\/wp-content\/uploads\/2017\/08\/general-Luis-Poveda-60x40.jpg 60w, https:\/\/primermomento.com\/wp-content\/uploads\/2017\/08\/general-Luis-Poveda-638x425.jpg 638w, https:\/\/primermomento.com\/wp-content\/uploads\/2017\/08\/general-Luis-Poveda-118x79.jpg 118w, https:\/\/primermomento.com\/wp-content\/uploads\/2017\/08\/general-Luis-Poveda-479x319.jpg 479w, https:\/\/primermomento.com\/wp-content\/uploads\/2017\/08\/general-Luis-Poveda.jpg 748w\" sizes=\"auto, (max-width: 300px) 100vw, 300px\" \/>As\u00ed lo asegur\u00f3 el comandante de la Polic\u00eda Metropolitana de la capital del departamento de Bol\u00edvar, general Luis Poveda, quien afirm\u00f3 que habr\u00e1 un refuerzo policial de cientos de agentes dispersos por las calles que transitar\u00e1 el visitante en el amurallado Centro Hist\u00f3rico cartagenero.<\/p>\n<p>&#8216;Llevamos dos semanas de reuniones con la Armada y el Servicio Secreto de Estados Unidos y ya todo est\u00e1 preparado y garantizamos que no habr\u00e1 mayores afectaciones a los cartageneros&#8217;, dijo el general Poveda.<\/p>\n<p>Pence arribar\u00e1 a esta ciudad portuaria a las 15:30 hora local y se trasladar\u00e1 inmediatamente del aeropuerto hasta la casa del Marqu\u00e9s de Valdehoyos, donde se espera que haga una declaraci\u00f3n p\u00fablica y sea recibido por el presidente Juan Manuel Santos.<\/p>\n<p>De acuerdo con versiones oficiales, el principal tema a abordar entre el visitante y su interlocutor colombiano ser\u00e1 la lucha contra el narcotr\u00e1fico, que figura tambi\u00e9n en la agenda de esta gira latinoamericana de Pence, la cual comprende despu\u00e9s a Argentina, Chile y Panam\u00e1 hasta el pr\u00f3ximo d\u00eda 18.<\/p>\n<p>Washington ha instado a Bogot\u00e1 para que revierta la situaci\u00f3n en cuanto a cultivos il\u00edcitos, cuyo monto aument\u00f3 el 52 por ciento en 2016 con respecto al a\u00f1o 2015, cifra que es admitida por el gobierno colombiano.<\/p>\n<p>Pence tambi\u00e9n expresar\u00e1 durante su visita de 48 horas a esta naci\u00f3n andina el apoyo de la administraci\u00f3n de Donald Trump a la cooperaci\u00f3n en seguridad, relaciones empresariales, agricultura y desarrollo de infraestructuras, seg\u00fan el programa de la visita.<\/p>\n<p>Trascendi\u00f3 en la prensa colombiana que el vicepresidente norteamericano almorz\u00f3 esta semana con tres legisladores integrantes de comit\u00e9s de relaciones sobre Latinoam\u00e9rica en el Congreso.<\/p>\n<p>Se trata del senador republicano Marco Rubio, el congresista Jeff Duncan -tambi\u00e9n del partido de gobierno- y el legislador dem\u00f3crata Albio Sires, con el fin de asesorarse sobre la problem\u00e1tica de la regi\u00f3n.<\/p>\n<p>Los cuatro pa\u00edses de Latinoam\u00e9rica que visitar\u00e1 Pence en su gira suscribieron la llamada Declaraci\u00f3n de Lima contra Venezuela, que ha sido calificada por Caracas y medios informativos colombianos como una intromisi\u00f3n injerencista en los asuntos internos de la naci\u00f3n bolivariana.<\/p>\n<p>El vicemandatario estadounidense pasar\u00e1 esta noche en Cartagena y partir\u00e1 el lunes temprano rumbo a esta capital, donde se reunir\u00e1 con empresarios y representantes de varias firmas nacionales que interact\u00faan con el mercado del norte\u00f1o pa\u00eds.<\/p><\/div>\n<div><\/div>\n<div style=\"text-align: right;\"><em><span style=\"color: #ff0000;\">PL<\/span><\/em><\/div>\n","protected":false},"excerpt":{"rendered":"<p>CARTAGENA DE INDIAS, Colombia.- El esquema de seguridad previsto para recibir hoy al vicepresidente estadounidense, Mike Pence, tendr\u00e1 la misma profundidad con la que se espera a los jefes de Estado visitantes en el balneario caribe\u00f1o de Cartagena de Indias. As\u00ed lo asegur\u00f3 el comandante de la Polic\u00eda Metropolitana de la capital del departamento de [&hellip;]<\/p>\n","protected":false},"author":1,"featured_media":0,"comment_status":"open","ping_status":"open","sticky":false,"template":"","format":"standard","meta":{"_bbp_topic_count":0,"_bbp_reply_count":0,"_bbp_total_topic_count":0,"_bbp_total_reply_count":0,"_bbp_voice_count":0,"_bbp_anonymous_reply_count":0,"_bbp_topic_count_hidden":0,"_bbp_reply_count_hidden":0,"_bbp_forum_subforum_count":0,"footnotes":""},"categories":[31],"tags":[],"class_list":{"0":"post-292823","1":"post","2":"type-post","3":"status-publish","4":"format-standard","6":"category-estados-unidos"},"_links":{"self":[{"href":"https:\/\/primermomento.com\/index.php?rest_route=\/wp\/v2\/posts\/292823","targetHints":{"allow":["GET"]}}],"collection":[{"href":"https:\/\/primermomento.com\/index.php?rest_route=\/wp\/v2\/posts"}],"about":[{"href":"https:\/\/primermomento.com\/index.php?rest_route=\/wp\/v2\/types\/post"}],"author":[{"embeddable":true,"href":"https:\/\/primermomento.com\/index.php?rest_route=\/wp\/v2\/users\/1"}],"replies":[{"embeddable":true,"href":"https:\/\/primermomento.com\/index.php?rest_route=%2Fwp%2Fv2%2Fcomments&post=292823"}],"version-history":[{"count":0,"href":"https:\/\/primermomento.com\/index.php?rest_route=\/wp\/v2\/posts\/292823\/revisions"}],"wp:attachment":[{"href":"https:\/\/primermomento.com\/index.php?rest_route=%2Fwp%2Fv2%2Fmedia&parent=292823"}],"wp:term":[{"taxonomy":"category","embeddable":true,"href":"https:\/\/primermomento.com\/index.php?rest_route=%2Fwp%2Fv2%2Fcategories&post=292823"},{"taxonomy":"post_tag","embeddable":true,"href":"https:\/\/primermomento.com\/index.php?rest_route=%2Fwp%2Fv2%2Ftags&post=292823"}],"curies":[{"name":"wp","href":"https:\/\/api.w.org\/{rel}","templated":true}]}}