{"id":292826,"date":"2017-08-13T14:00:05","date_gmt":"2017-08-13T18:00:05","guid":{"rendered":"http:\/\/primermomento.com\/?p=292826"},"modified":"2017-08-13T14:00:05","modified_gmt":"2017-08-13T18:00:05","slug":"alcalde-condena-reaccion-moderada-de-trump-ante-mitin-supremacista","status":"publish","type":"post","link":"https:\/\/primermomento.com\/?p=292826","title":{"rendered":"Alcalde condena reacci\u00f3n moderada de Trump ante mitin supremacista"},"content":{"rendered":"<div class=\"fullNewsIntrotext\">CHARLOTTESVILLE, Virginia.- El alcalde de Charlottesville, Michael Signer, conden\u00f3 hoy lo que consider\u00f3 una reacci\u00f3n moderada del presidente Donald Trump ante la violencia vivida en esa ciudad estadounidense a ra\u00edz de una manifestaci\u00f3n de supremacistas blancos.<\/div>\n<div><\/div>\n<div class=\"fullNewsFulltext\">\n<figure id=\"attachment_292827\" aria-describedby=\"caption-attachment-292827\" style=\"width: 300px\" class=\"wp-caption alignleft\"><img loading=\"lazy\" decoding=\"async\" class=\"size-medium wp-image-292827\" src=\"http:\/\/primermomento.com\/wp-content\/uploads\/2017\/08\/Michael-Signer-300x200.jpg\" alt=\"\" width=\"300\" height=\"200\" srcset=\"https:\/\/primermomento.com\/wp-content\/uploads\/2017\/08\/Michael-Signer-300x200.jpg 300w, https:\/\/primermomento.com\/wp-content\/uploads\/2017\/08\/Michael-Signer-73x50.jpg 73w, https:\/\/primermomento.com\/wp-content\/uploads\/2017\/08\/Michael-Signer-500x333.jpg 500w, https:\/\/primermomento.com\/wp-content\/uploads\/2017\/08\/Michael-Signer-280x186.jpg 280w, https:\/\/primermomento.com\/wp-content\/uploads\/2017\/08\/Michael-Signer-60x40.jpg 60w, https:\/\/primermomento.com\/wp-content\/uploads\/2017\/08\/Michael-Signer-638x425.jpg 638w, https:\/\/primermomento.com\/wp-content\/uploads\/2017\/08\/Michael-Signer-118x79.jpg 118w, https:\/\/primermomento.com\/wp-content\/uploads\/2017\/08\/Michael-Signer-479x319.jpg 479w, https:\/\/primermomento.com\/wp-content\/uploads\/2017\/08\/Michael-Signer.jpg 748w\" sizes=\"auto, (max-width: 300px) 100vw, 300px\" \/><figcaption id=\"caption-attachment-292827\" class=\"wp-caption-text\">Michael Signer.<\/figcaption><\/figure>\n<p>Creo que durante su campa\u00f1a hicieron una elecci\u00f3n muy lamentable, la de apelar a los prejuicios de la gente, sostuvo el l\u00edder local, quien afirm\u00f3 que ese tipo de mensaje influenci\u00f3 en todo el pa\u00eds &#8216;a estos antisemitas, racistas, arios, neonazis, miembros del Ku Klux Klan&#8217;.<\/p>\n<p>En declaraciones a la cadena NBC News, Signer agreg\u00f3 que esos grupos, que estaban siempre en las sombras, con la campa\u00f1a del jefe de Estado tuvieron una raz\u00f3n para salir a la luz.<\/p>\n<p>Lleg\u00f3 el momento de que esto se detenga, lo sucedido debe ser un punto de inflexi\u00f3n, expres\u00f3 el alcalde en alusi\u00f3n a los violentos enfrentamientos ocurridos ayer en la ciudad entre los supremacistas y muchas personas opuestas a ellos, a causa de los cuales se reportaron tres decesos.<\/p>\n<p>Durante una aparici\u00f3n en la televisora CNN el l\u00edder de Charlottesville repiti\u00f3 ese tipo de comentarios, pues llam\u00f3 a mirar la campa\u00f1a presidencial desarrollada por Trump el pasado a\u00f1o y la forma en que apel\u00f3 a esas organizaciones racistas.<\/p>\n<p>El mandatario ha enfrentado amplias cr\u00edticas de todo el espectro pol\u00edtico norteamericano por sugerir que &#8216;muchas partes&#8217; eran culpables de los disturbios registrados ayer en la ciudad del estado de Virginia, donde se declar\u00f3 un estado de emergencia, y no responsabilizar expl\u00edcitamente a los supremacistas.<\/p>\n<p>La controversia en torno a la reacci\u00f3n del gobernante se ha intensificado porque el ex l\u00edder del Ku Klux Klan David Duke apareci\u00f3 en el mitin de Charlottesville antes de los sucesos de este s\u00e1bado y expres\u00f3 que el evento representaba el cumplimiento de las promesas de Trump.<\/p>\n<p>Estamos decididos a recuperar nuestro pa\u00eds, vamos a cumplir las promesas de Donald Trump, por eso votamos por \u00e9l, porque dijo que va a tomar nuestro pa\u00eds de vuelta y eso es lo que debemos hacer, manifest\u00f3.<\/p>\n<p>Despu\u00e9s de que muchas figuras republicanas y dem\u00f3cratas consideraran que los comentarios del presidente no fueron lo suficientemente fuertes, un asesor de Trump defendi\u00f3 este domingo el tono del jefe de Estado.<\/p>\n<p>Seg\u00fan el consejero de seguridad Tom Bossert, Trump decidi\u00f3 no nombrar a esos grupos para no dignificarlos.<\/p><\/div>\n<div><\/div>\n<div style=\"text-align: right;\"><span style=\"color: #ff0000;\"><em>PL<\/em><\/span><\/div>\n","protected":false},"excerpt":{"rendered":"<p>CHARLOTTESVILLE, Virginia.- El alcalde de Charlottesville, Michael Signer, conden\u00f3 hoy lo que consider\u00f3 una reacci\u00f3n moderada del presidente Donald Trump ante la violencia vivida en esa ciudad estadounidense a ra\u00edz de una manifestaci\u00f3n de supremacistas blancos. Creo que durante su campa\u00f1a hicieron una elecci\u00f3n muy lamentable, la de apelar a los prejuicios de la gente, [&hellip;]<\/p>\n","protected":false},"author":1,"featured_media":0,"comment_status":"open","ping_status":"open","sticky":false,"template":"","format":"standard","meta":{"_bbp_topic_count":0,"_bbp_reply_count":0,"_bbp_total_topic_count":0,"_bbp_total_reply_count":0,"_bbp_voice_count":0,"_bbp_anonymous_reply_count":0,"_bbp_topic_count_hidden":0,"_bbp_reply_count_hidden":0,"_bbp_forum_subforum_count":0,"footnotes":""},"categories":[31],"tags":[],"class_list":{"0":"post-292826","1":"post","2":"type-post","3":"status-publish","4":"format-standard","6":"category-estados-unidos"},"_links":{"self":[{"href":"https:\/\/primermomento.com\/index.php?rest_route=\/wp\/v2\/posts\/292826","targetHints":{"allow":["GET"]}}],"collection":[{"href":"https:\/\/primermomento.com\/index.php?rest_route=\/wp\/v2\/posts"}],"about":[{"href":"https:\/\/primermomento.com\/index.php?rest_route=\/wp\/v2\/types\/post"}],"author":[{"embeddable":true,"href":"https:\/\/primermomento.com\/index.php?rest_route=\/wp\/v2\/users\/1"}],"replies":[{"embeddable":true,"href":"https:\/\/primermomento.com\/index.php?rest_route=%2Fwp%2Fv2%2Fcomments&post=292826"}],"version-history":[{"count":0,"href":"https:\/\/primermomento.com\/index.php?rest_route=\/wp\/v2\/posts\/292826\/revisions"}],"wp:attachment":[{"href":"https:\/\/primermomento.com\/index.php?rest_route=%2Fwp%2Fv2%2Fmedia&parent=292826"}],"wp:term":[{"taxonomy":"category","embeddable":true,"href":"https:\/\/primermomento.com\/index.php?rest_route=%2Fwp%2Fv2%2Fcategories&post=292826"},{"taxonomy":"post_tag","embeddable":true,"href":"https:\/\/primermomento.com\/index.php?rest_route=%2Fwp%2Fv2%2Ftags&post=292826"}],"curies":[{"name":"wp","href":"https:\/\/api.w.org\/{rel}","templated":true}]}}