{"id":292832,"date":"2017-08-13T20:54:00","date_gmt":"2017-08-14T00:54:00","guid":{"rendered":"http:\/\/primermomento.com\/?p=292832"},"modified":"2017-08-13T20:54:00","modified_gmt":"2017-08-14T00:54:00","slug":"bani-concejales-autorizan-remodelar-escuela-privada","status":"publish","type":"post","link":"https:\/\/primermomento.com\/?p=292832","title":{"rendered":"BAN\u00cd | Concejales autorizan remodelar escuela privada"},"content":{"rendered":"<p>BAN\u00cd, Rep\u00fablica Dominicana.- El Concejo Municipal aprob\u00f3 otorgar un permiso de no objeci\u00f3n que deber\u00e1 incluir un r\u00e9gimen de consecuencias para la remodelaci\u00f3n de una escuela privada, localizada en la avenida Fabio Herrera, al sur de la ciudad.<\/p>\n<p><img loading=\"lazy\" decoding=\"async\" class=\"size-medium wp-image-292833 alignleft\" src=\"http:\/\/primermomento.com\/wp-content\/uploads\/2017\/08\/IMG_5961-300x225.jpg\" alt=\"\" width=\"300\" height=\"225\" srcset=\"https:\/\/primermomento.com\/wp-content\/uploads\/2017\/08\/IMG_5961-300x225.jpg 300w, https:\/\/primermomento.com\/wp-content\/uploads\/2017\/08\/IMG_5961-120x90.jpg 120w, https:\/\/primermomento.com\/wp-content\/uploads\/2017\/08\/IMG_5961-500x375.jpg 500w, https:\/\/primermomento.com\/wp-content\/uploads\/2017\/08\/IMG_5961-280x210.jpg 280w, https:\/\/primermomento.com\/wp-content\/uploads\/2017\/08\/IMG_5961-638x479.jpg 638w, https:\/\/primermomento.com\/wp-content\/uploads\/2017\/08\/IMG_5961-118x89.jpg 118w, https:\/\/primermomento.com\/wp-content\/uploads\/2017\/08\/IMG_5961-479x359.jpg 479w, https:\/\/primermomento.com\/wp-content\/uploads\/2017\/08\/IMG_5961.jpg 640w\" sizes=\"auto, (max-width: 300px) 100vw, 300px\" \/>El \u00e1rea donde est\u00e1 la escuela D\u00edaz Santana mide tan solo 500 metros cuadrados, un espacio relativamente peque\u00f1o para ampliar de manera horizontal, por lo que los due\u00f1os optaron por expandir la edificaci\u00f3n hacia arriba.<\/p>\n<p>En la pasada sesi\u00f3n del Cabildo, se argument\u00f3 que el \u00e1rea para ni\u00f1os y ni\u00f1as era muy limitado.<\/p>\n<p>Los regidores Juan Germ\u00e1n y Mabel Castillo explicaron en la sesi\u00f3n que la educaci\u00f3n es ciertamente un negocio.<\/p>\n<p>Se dijo que la remodelaci\u00f3n permitir\u00e1 una cancha deportiva y de recreaci\u00f3n, que ser\u00eda protegida por un techo y una malla.<\/p>\n<p>El ingeniero Santo Soto, de la Oficina de Planeamiento Urbano, precis\u00f3 que buscaban que la obra cumpliera con el requisito de estacionamientos y facilidades para los discapacitados.<\/p>\n<p>Soto narr\u00f3 el incidente que ocurri\u00f3 en ese lugar cuando agentes de la Polic\u00eda Nacional se presentaron all\u00ed. Inspectores de la Oficina de Planeamiento Urbano ordenaron que sea paralizada la construcci\u00f3n lo que provoc\u00f3 la ira de los due\u00f1os. Ese mismo d\u00eda en horas de la tarde se reiniciaron los trabajos de remodelaci\u00f3n de la escuela D\u00edaz Santana.<\/p>\n<p>Enrique Peguero, director de Planeamiento Urbano, se\u00f1al\u00f3 que pararon la obra porque quer\u00edan asegurarse que cumpliera con la normativa sobre educaci\u00f3n.<\/p>\n<p>En otro orden, Planeamiento Urbano no sabe qu\u00e9 hacer con una supuesta violaci\u00f3n en la ampliaci\u00f3n de una edificaci\u00f3n que no cont\u00f3 con el permiso correspondiente. En ese sentido, el regidor Leonidas D\u00edaz advirti\u00f3 sobre las infracciones y que el departamento legal debe tomar carta en el asunto.<\/p>\n<p style=\"text-align: right;\"><span style=\"color: #ff0000;\">Primer<\/span>Momento<\/p>\n<p>&nbsp;<\/p>\n","protected":false},"excerpt":{"rendered":"<p>BAN\u00cd, Rep\u00fablica Dominicana.- El Concejo Municipal aprob\u00f3 otorgar un permiso de no objeci\u00f3n que deber\u00e1 incluir un r\u00e9gimen de consecuencias para la remodelaci\u00f3n de una escuela privada, localizada en la avenida Fabio Herrera, al sur de la ciudad. El \u00e1rea donde est\u00e1 la escuela D\u00edaz Santana mide tan solo 500 metros cuadrados, un espacio relativamente [&hellip;]<\/p>\n","protected":false},"author":1,"featured_media":0,"comment_status":"open","ping_status":"open","sticky":false,"template":"","format":"standard","meta":{"_bbp_topic_count":0,"_bbp_reply_count":0,"_bbp_total_topic_count":0,"_bbp_total_reply_count":0,"_bbp_voice_count":0,"_bbp_anonymous_reply_count":0,"_bbp_topic_count_hidden":0,"_bbp_reply_count_hidden":0,"_bbp_forum_subforum_count":0,"footnotes":""},"categories":[30,60],"tags":[],"class_list":{"0":"post-292832","1":"post","2":"type-post","3":"status-publish","4":"format-standard","6":"category-actualidad","7":"category-titulares-del-dia"},"_links":{"self":[{"href":"https:\/\/primermomento.com\/index.php?rest_route=\/wp\/v2\/posts\/292832","targetHints":{"allow":["GET"]}}],"collection":[{"href":"https:\/\/primermomento.com\/index.php?rest_route=\/wp\/v2\/posts"}],"about":[{"href":"https:\/\/primermomento.com\/index.php?rest_route=\/wp\/v2\/types\/post"}],"author":[{"embeddable":true,"href":"https:\/\/primermomento.com\/index.php?rest_route=\/wp\/v2\/users\/1"}],"replies":[{"embeddable":true,"href":"https:\/\/primermomento.com\/index.php?rest_route=%2Fwp%2Fv2%2Fcomments&post=292832"}],"version-history":[{"count":0,"href":"https:\/\/primermomento.com\/index.php?rest_route=\/wp\/v2\/posts\/292832\/revisions"}],"wp:attachment":[{"href":"https:\/\/primermomento.com\/index.php?rest_route=%2Fwp%2Fv2%2Fmedia&parent=292832"}],"wp:term":[{"taxonomy":"category","embeddable":true,"href":"https:\/\/primermomento.com\/index.php?rest_route=%2Fwp%2Fv2%2Fcategories&post=292832"},{"taxonomy":"post_tag","embeddable":true,"href":"https:\/\/primermomento.com\/index.php?rest_route=%2Fwp%2Fv2%2Ftags&post=292832"}],"curies":[{"name":"wp","href":"https:\/\/api.w.org\/{rel}","templated":true}]}}