{"id":292847,"date":"2017-08-13T08:13:00","date_gmt":"2017-08-13T12:13:00","guid":{"rendered":"http:\/\/primermomento.com\/?p=292847"},"modified":"2017-08-14T14:16:28","modified_gmt":"2017-08-14T18:16:28","slug":"innovacion-y-emprendimiento-nuevos-horizontes-para-el-desarrollo-social","status":"publish","type":"post","link":"https:\/\/primermomento.com\/?p=292847","title":{"rendered":"Innovaci\u00f3n y emprendimiento: nuevos horizontes para el desarrollo social"},"content":{"rendered":"<p><em>Diputado de la provincia Peravia inaugura Primer Diplomado en Innovaci\u00f3n y Emprendimiento Social.<\/em><\/p>\n<p>BAN\u00cd, Rep\u00fablica Dominicana.- El pasado domingo en horario matutino, dando vida al edificio de la centenaria Escuela Prof. Ana Reyes de P\u00e9rez en el centro de la ciudad, m\u00e1s de medio centenar de j\u00f3venes, junto a t\u00e9cnicos y expertos en temas concretos de desarrollo social y emprendimiento cooperativo, daban inicio al Primer Diplomado en Innovaci\u00f3n y Emprendimiento Social dirigido a j\u00f3venes de la provincia Peravia, y el que parece ser uno de los componentes del programa de desarrollo social \u201cPeravia Cambia\u201d.<\/p>\n<p><img loading=\"lazy\" decoding=\"async\" class=\"size-medium wp-image-276139 alignleft\" src=\"http:\/\/primermomento.com\/wp-content\/uploads\/2016\/05\/Enmanuel-Diaz-Santiago-215x300.jpg\" alt=\"\" width=\"215\" height=\"300\" \/>Una apuesta atrevida al talento y esp\u00edritu de trabajo de los j\u00f3venes de la provincia Peravia, precisamente en el fin de semana en que celebramos el D\u00eda Internacional de la Juventud. El Primer Diplomado en Innovaci\u00f3n y Emprendimiento Social es la continuidad a los resultados del Primer Congreso de Innovaci\u00f3n Cooperativa \u201cPeravia Cambia\u201d, realizado los d\u00edas del 9 al 11 de junio, en Ban\u00ed.<\/p>\n<p>La iniciativa forma parte de la agenda de trabajo social que desarrolla la Oficina Legislativa del Diputado Julito Fulcar Encarnaci\u00f3n, representante de la provincia Peravia, y quien adem\u00e1s es el presidente del Consejo Nacional de Cooperativas (CONACOOP).<\/p>\n<p>La acci\u00f3n formativa tomar\u00e1 lugar en ocho encuentros realizados en domingo, horario matutino, con la participaci\u00f3n de expertos panelistas y profesionales de diversas \u00e1reas. Para los participantes el diplomado es gratuito, y es una invaluable oportunidad educacional para desarrollar conocimiento y destrezas en el \u00e1mbito de emprendimiento con enfoque en los principios de la doctrina cooperativa.<\/p>\n<p>Sin embargo, este diplomado no es un intento casual. Es m\u00e1s bien el producto de una profunda planificaci\u00f3n que busca brindar herramientas t\u00e9cnicas y pedag\u00f3gicas a j\u00f3venes con inter\u00e9s en el desarrollo de proyectos e ideas innovadoras. Fulcar Encarnaci\u00f3n, quien tambi\u00e9n es profesor, ha expresado la intenci\u00f3n que tiene, junto con su equipo, de generar espacios de crecimiento y adquisici\u00f3n de capacidades de acci\u00f3n por parte de j\u00f3venes de la regi\u00f3n.<\/p>\n<p><strong>Programa \u201cPeravia Cambiar\u201d<\/strong><\/p>\n<p>Es un proyecto sin fines de lucro, de emprendimiento e innovaci\u00f3n que tiene como prop\u00f3sito principal, con las herramientas t\u00e9cnicas de capacitaci\u00f3n, asesor\u00eda, financiamiento y seguimiento, impulsar la implementaci\u00f3n de nuevos proyectos a favor del desarrollo socio-econ\u00f3mico de la provincia Peravia.<\/p>\n<p style=\"text-align: right;\"><span style=\"color: #ff0000;\">Enmanuel D\u00edaz Santiago<\/span><\/p>\n<p>&nbsp;<\/p>\n","protected":false},"excerpt":{"rendered":"<p>Diputado de la provincia Peravia inaugura Primer Diplomado en Innovaci\u00f3n y Emprendimiento Social. BAN\u00cd, Rep\u00fablica Dominicana.- El pasado domingo en horario matutino, dando vida al edificio de la centenaria Escuela Prof. Ana Reyes de P\u00e9rez en el centro de la ciudad, m\u00e1s de medio centenar de j\u00f3venes, junto a t\u00e9cnicos y expertos en temas concretos [&hellip;]<\/p>\n","protected":false},"author":1,"featured_media":0,"comment_status":"open","ping_status":"open","sticky":false,"template":"","format":"standard","meta":{"_bbp_topic_count":0,"_bbp_reply_count":0,"_bbp_total_topic_count":0,"_bbp_total_reply_count":0,"_bbp_voice_count":0,"_bbp_anonymous_reply_count":0,"_bbp_topic_count_hidden":0,"_bbp_reply_count_hidden":0,"_bbp_forum_subforum_count":0,"footnotes":""},"categories":[33],"tags":[],"class_list":{"0":"post-292847","1":"post","2":"type-post","3":"status-publish","4":"format-standard","6":"category-opinion"},"_links":{"self":[{"href":"https:\/\/primermomento.com\/index.php?rest_route=\/wp\/v2\/posts\/292847","targetHints":{"allow":["GET"]}}],"collection":[{"href":"https:\/\/primermomento.com\/index.php?rest_route=\/wp\/v2\/posts"}],"about":[{"href":"https:\/\/primermomento.com\/index.php?rest_route=\/wp\/v2\/types\/post"}],"author":[{"embeddable":true,"href":"https:\/\/primermomento.com\/index.php?rest_route=\/wp\/v2\/users\/1"}],"replies":[{"embeddable":true,"href":"https:\/\/primermomento.com\/index.php?rest_route=%2Fwp%2Fv2%2Fcomments&post=292847"}],"version-history":[{"count":0,"href":"https:\/\/primermomento.com\/index.php?rest_route=\/wp\/v2\/posts\/292847\/revisions"}],"wp:attachment":[{"href":"https:\/\/primermomento.com\/index.php?rest_route=%2Fwp%2Fv2%2Fmedia&parent=292847"}],"wp:term":[{"taxonomy":"category","embeddable":true,"href":"https:\/\/primermomento.com\/index.php?rest_route=%2Fwp%2Fv2%2Fcategories&post=292847"},{"taxonomy":"post_tag","embeddable":true,"href":"https:\/\/primermomento.com\/index.php?rest_route=%2Fwp%2Fv2%2Ftags&post=292847"}],"curies":[{"name":"wp","href":"https:\/\/api.w.org\/{rel}","templated":true}]}}