{"id":292859,"date":"2017-08-14T12:38:18","date_gmt":"2017-08-14T16:38:18","guid":{"rendered":"http:\/\/primermomento.com\/?p=292859"},"modified":"2017-08-14T18:40:39","modified_gmt":"2017-08-14T22:40:39","slug":"ante-ataque-de-congresistas-senadora-alcantara-defiende-el-pais","status":"publish","type":"post","link":"https:\/\/primermomento.com\/?p=292859","title":{"rendered":"Ante ataque de congresistas, senadora Alc\u00e1ntara defiende el pa\u00eds"},"content":{"rendered":"<div id=\"m_6130884900354536259yui_3_16_0_ym19_1_1502510622709_11862\"><span id=\"m_6130884900354536259yui_3_16_0_ym19_1_1502510622709_11864\" lang=\"ES-US\">NUEVA YORK, Nueva York.- La senadora estatal por el Alto Manhattan, Marisol Alc\u00e1ntara, defendi\u00f3 la Rep\u00fablica Dominicana con \u201cu\u00f1as y dientes\u201d ante el ataque que hicieran recientemente 17 congresistas de Estados Unidos para que el pa\u00eds caribe\u00f1o\u00a0detenga la pr\u00e1ctica de la nulificaci\u00f3n de certificado de nacimiento, de ciudadan\u00eda de dominicanos de descendencia haitiana y asegurar la protecci\u00f3n de sus libertades civiles.<u><\/u><u><\/u><\/span><\/div>\n<div id=\"m_6130884900354536259yui_3_16_0_ym19_1_1502510622709_11866\"><span id=\"m_6130884900354536259yui_3_16_0_ym19_1_1502510622709_11867\" lang=\"ES-US\">\u00a0<\/span><\/div>\n<div id=\"m_6130884900354536259yui_3_16_0_ym19_1_1502510622709_11868\"><span id=\"m_6130884900354536259yui_3_16_0_ym19_1_1502510622709_11869\" lang=\"ES-US\"><img loading=\"lazy\" decoding=\"async\" class=\"size-medium wp-image-292860 alignleft\" src=\"http:\/\/primermomento.com\/wp-content\/uploads\/2017\/08\/Ante-ataque-congresistas-EEUU-a-RD-senadora-Alc\u00e1ntara-defiende-el-pa\u00eds-300x196.jpg\" alt=\"\" width=\"300\" height=\"196\" srcset=\"https:\/\/primermomento.com\/wp-content\/uploads\/2017\/08\/Ante-ataque-congresistas-EEUU-a-RD-senadora-Alc\u00e1ntara-defiende-el-pa\u00eds-300x196.jpg 300w, https:\/\/primermomento.com\/wp-content\/uploads\/2017\/08\/Ante-ataque-congresistas-EEUU-a-RD-senadora-Alc\u00e1ntara-defiende-el-pa\u00eds-500x326.jpg 500w, https:\/\/primermomento.com\/wp-content\/uploads\/2017\/08\/Ante-ataque-congresistas-EEUU-a-RD-senadora-Alc\u00e1ntara-defiende-el-pa\u00eds-280x183.jpg 280w, https:\/\/primermomento.com\/wp-content\/uploads\/2017\/08\/Ante-ataque-congresistas-EEUU-a-RD-senadora-Alc\u00e1ntara-defiende-el-pa\u00eds-60x40.jpg 60w, https:\/\/primermomento.com\/wp-content\/uploads\/2017\/08\/Ante-ataque-congresistas-EEUU-a-RD-senadora-Alc\u00e1ntara-defiende-el-pa\u00eds-638x416.jpg 638w, https:\/\/primermomento.com\/wp-content\/uploads\/2017\/08\/Ante-ataque-congresistas-EEUU-a-RD-senadora-Alc\u00e1ntara-defiende-el-pa\u00eds-118x77.jpg 118w, https:\/\/primermomento.com\/wp-content\/uploads\/2017\/08\/Ante-ataque-congresistas-EEUU-a-RD-senadora-Alc\u00e1ntara-defiende-el-pa\u00eds-479x312.jpg 479w, https:\/\/primermomento.com\/wp-content\/uploads\/2017\/08\/Ante-ataque-congresistas-EEUU-a-RD-senadora-Alc\u00e1ntara-defiende-el-pa\u00eds-153x100.jpg 153w, https:\/\/primermomento.com\/wp-content\/uploads\/2017\/08\/Ante-ataque-congresistas-EEUU-a-RD-senadora-Alc\u00e1ntara-defiende-el-pa\u00eds.jpg 650w\" sizes=\"auto, (max-width: 300px) 100vw, 300px\" \/>Alc\u00e1ntara indic\u00f3 que es \u201cinjusto decirle a un pa\u00eds pobre como lo es RD, que se haga cargo de los inmigrantes haitianos\u00bb.<u><\/u><u><\/u><\/span><\/div>\n<div id=\"m_6130884900354536259yui_3_16_0_ym19_1_1502510622709_11871\"><span id=\"m_6130884900354536259yui_3_16_0_ym19_1_1502510622709_11872\" lang=\"ES-US\">\u00a0<u><\/u><u><\/u><\/span><\/div>\n<div id=\"m_6130884900354536259yui_3_16_0_ym19_1_1502510622709_11874\"><span id=\"m_6130884900354536259yui_3_16_0_ym19_1_1502510622709_11875\" lang=\"ES-US\">Dijo que esos 17 congresistas debieron hacer una propuesta a las Naciones Unidas, Francia y EEUU,\u00a0 para crear un programa que favoresca Haiti, para arreglar sus hospitales, carreteras e infraestructura destrozados por el terremoto del 2010.<u><\/u><u><\/u><\/span><\/div>\n<div id=\"m_6130884900354536259yui_3_16_0_ym19_1_1502510622709_11877\"><span id=\"m_6130884900354536259yui_3_16_0_ym19_1_1502510622709_11878\" lang=\"ES-US\">\u00a0<u><\/u><u><\/u><\/span><\/div>\n<div id=\"m_6130884900354536259yui_3_16_0_ym19_1_1502510622709_11880\"><span id=\"m_6130884900354536259yui_3_16_0_ym19_1_1502510622709_11881\" lang=\"ES-US\">\u201cEn vez de venir a decir que RD tiene que hacer esto y lo otro,\u00a0 que tomen el dinero de USA, que ellos est\u00e1n en el Congreso, son ricos, que usen esa energ\u00eda para trabajar con RD y al pueblo haitiano mejorarle su infraestructura\u201d, a\u00f1adi\u00f3 la senadora.<u><\/u><u><\/u><\/span><\/div>\n<div id=\"m_6130884900354536259yui_3_16_0_ym19_1_1502510622709_11883\"><span id=\"m_6130884900354536259yui_3_16_0_ym19_1_1502510622709_11884\" lang=\"ES-US\">\u00a0<u><\/u><u><\/u><\/span><\/div>\n<div id=\"m_6130884900354536259yui_3_16_0_ym19_1_1502510622709_11886\"><span id=\"m_6130884900354536259yui_3_16_0_ym19_1_1502510622709_11887\" lang=\"ES-US\">Explic\u00f3 que \u201chay una gran cantidad de haitianos en RD porque las grandes corporaciones criollas y extranjeras que operan en esa naci\u00f3n se benefician de la mano de obra barata, y quieren mantener diciendo que el dominicano no quiere trabajar, y es mentiras\u00bb.<u><\/u><u><\/u><\/span><\/div>\n<div id=\"m_6130884900354536259yui_3_16_0_ym19_1_1502510622709_11889\"><span id=\"m_6130884900354536259yui_3_16_0_ym19_1_1502510622709_11890\" lang=\"ES-US\">\u00a0<u><\/u><u><\/u><\/span><\/div>\n<div id=\"m_6130884900354536259yui_3_16_0_ym19_1_1502510622709_11892\"><span id=\"m_6130884900354536259yui_3_16_0_ym19_1_1502510622709_11893\" lang=\"ES-US\">\u201cNo hay nadie que trabaje m\u00e1s que el dominicano, donde quiera que vamos es a trabajar, no importa el pa\u00eds, nosotros lo que no somos es \u201cpendejos\u201d y quieren abusar haciendo construcciones de hoteles por cheles\u00bb, expres\u00f3 Alc\u00e1ntara.<u><\/u><u><\/u><\/span><\/div>\n<div id=\"m_6130884900354536259yui_3_16_0_ym19_1_1502510622709_11895\"><span id=\"m_6130884900354536259yui_3_16_0_ym19_1_1502510622709_11896\" lang=\"ES-US\">\u00a0<u><\/u><u><\/u><\/span><\/div>\n<div id=\"m_6130884900354536259yui_3_16_0_ym19_1_1502510622709_11898\"><span id=\"m_6130884900354536259yui_3_16_0_ym19_1_1502510622709_11899\" lang=\"ES-US\">Dijo estar de acuerdo con que los haitianos se \u201cregularicen en el pa\u00eds\u201d, \u201cque est\u00e9n por la reglas\u201d, y que los EEUU, en vez de gastar sus energ\u00edas y hostigar los dominicanos, mejor que trabaje con el gobierno de RD, y en Haiti que mejoren su infraestructura, porque parece que el sismo ocurri\u00f3 hace una semana y no a\u00f1os.<u><\/u><u><\/u><\/span><\/div>\n<div id=\"m_6130884900354536259yui_3_16_0_ym19_1_1502510622709_11901\"><span id=\"m_6130884900354536259yui_3_16_0_ym19_1_1502510622709_11902\" lang=\"ES-US\">\u00a0<u><\/u><u><\/u><\/span><\/div>\n<div id=\"m_6130884900354536259yui_3_16_0_ym19_1_1502510622709_11904\"><span id=\"m_6130884900354536259yui_3_16_0_ym19_1_1502510622709_11905\" lang=\"ES-US\">\u00abEEUU debe poner su energ\u00eda para que la ONU enfrente la realidad del vecino pa\u00eds, y Francia, que ha sido el m\u00e1s beneficiado con Hait\u00ed, debe poner m\u00e1s empe\u00f1o en resolverles a sus habitantes, porque es muy f\u00e1cil acusar la RD\u00bb, concluy\u00f3.<u><\/u><u><\/u><\/span><\/div>\n<div id=\"m_6130884900354536259yui_3_16_0_ym19_1_1502510622709_11907\"><span id=\"m_6130884900354536259yui_3_16_0_ym19_1_1502510622709_11908\" lang=\"ES-US\">\u00a0<\/span><\/div>\n<div style=\"text-align: right;\"><span style=\"color: #ff0000;\">Ram\u00f3n Mercedes<\/span><\/div>\n","protected":false},"excerpt":{"rendered":"<p>NUEVA YORK, Nueva York.- La senadora estatal por el Alto Manhattan, Marisol Alc\u00e1ntara, defendi\u00f3 la Rep\u00fablica Dominicana con \u201cu\u00f1as y dientes\u201d ante el ataque que hicieran recientemente 17 congresistas de Estados Unidos para que el pa\u00eds caribe\u00f1o\u00a0detenga la pr\u00e1ctica de la nulificaci\u00f3n de certificado de nacimiento, de ciudadan\u00eda de dominicanos de descendencia haitiana y asegurar [&hellip;]<\/p>\n","protected":false},"author":1,"featured_media":0,"comment_status":"open","ping_status":"open","sticky":false,"template":"","format":"standard","meta":{"_bbp_topic_count":0,"_bbp_reply_count":0,"_bbp_total_topic_count":0,"_bbp_total_reply_count":0,"_bbp_voice_count":0,"_bbp_anonymous_reply_count":0,"_bbp_topic_count_hidden":0,"_bbp_reply_count_hidden":0,"_bbp_forum_subforum_count":0,"footnotes":""},"categories":[60,31],"tags":[],"class_list":{"0":"post-292859","1":"post","2":"type-post","3":"status-publish","4":"format-standard","6":"category-titulares-del-dia","7":"category-estados-unidos"},"_links":{"self":[{"href":"https:\/\/primermomento.com\/index.php?rest_route=\/wp\/v2\/posts\/292859","targetHints":{"allow":["GET"]}}],"collection":[{"href":"https:\/\/primermomento.com\/index.php?rest_route=\/wp\/v2\/posts"}],"about":[{"href":"https:\/\/primermomento.com\/index.php?rest_route=\/wp\/v2\/types\/post"}],"author":[{"embeddable":true,"href":"https:\/\/primermomento.com\/index.php?rest_route=\/wp\/v2\/users\/1"}],"replies":[{"embeddable":true,"href":"https:\/\/primermomento.com\/index.php?rest_route=%2Fwp%2Fv2%2Fcomments&post=292859"}],"version-history":[{"count":0,"href":"https:\/\/primermomento.com\/index.php?rest_route=\/wp\/v2\/posts\/292859\/revisions"}],"wp:attachment":[{"href":"https:\/\/primermomento.com\/index.php?rest_route=%2Fwp%2Fv2%2Fmedia&parent=292859"}],"wp:term":[{"taxonomy":"category","embeddable":true,"href":"https:\/\/primermomento.com\/index.php?rest_route=%2Fwp%2Fv2%2Fcategories&post=292859"},{"taxonomy":"post_tag","embeddable":true,"href":"https:\/\/primermomento.com\/index.php?rest_route=%2Fwp%2Fv2%2Ftags&post=292859"}],"curies":[{"name":"wp","href":"https:\/\/api.w.org\/{rel}","templated":true}]}}