{"id":292895,"date":"2017-08-15T16:47:03","date_gmt":"2017-08-15T20:47:03","guid":{"rendered":"http:\/\/primermomento.com\/?p=292895"},"modified":"2017-08-15T17:49:56","modified_gmt":"2017-08-15T21:49:56","slug":"bani-convocan-conversatorio-sobre-carbon-violencia-y-corrupcion","status":"publish","type":"post","link":"https:\/\/primermomento.com\/?p=292895","title":{"rendered":"BAN\u00cd | Convocan conversatorio sobre carb\u00f3n, violencia y corrupci\u00f3n"},"content":{"rendered":"<p>BAN\u00cd, Rep\u00fablica Dominicana.- La Marcha Verde por el Fin de la Impunidad en esta localidad, ha anunciado la realizaci\u00f3n de un conversatorio sobre carb\u00f3n, violencia y corrupci\u00f3n tomando como referencia los casos de Europa y Colombia.<\/p>\n<p><img loading=\"lazy\" decoding=\"async\" class=\"size-medium wp-image-286362 alignright\" src=\"http:\/\/primermomento.com\/wp-content\/uploads\/2017\/01\/Fin-de-la-Impunidad-300x200.jpg\" alt=\"\" width=\"300\" height=\"200\" srcset=\"https:\/\/primermomento.com\/wp-content\/uploads\/2017\/01\/Fin-de-la-Impunidad-300x200.jpg 300w, https:\/\/primermomento.com\/wp-content\/uploads\/2017\/01\/Fin-de-la-Impunidad-73x50.jpg 73w, https:\/\/primermomento.com\/wp-content\/uploads\/2017\/01\/Fin-de-la-Impunidad-500x333.jpg 500w, https:\/\/primermomento.com\/wp-content\/uploads\/2017\/01\/Fin-de-la-Impunidad-280x186.jpg 280w, https:\/\/primermomento.com\/wp-content\/uploads\/2017\/01\/Fin-de-la-Impunidad-60x40.jpg 60w, https:\/\/primermomento.com\/wp-content\/uploads\/2017\/01\/Fin-de-la-Impunidad-118x79.jpg 118w, https:\/\/primermomento.com\/wp-content\/uploads\/2017\/01\/Fin-de-la-Impunidad-479x319.jpg 479w, https:\/\/primermomento.com\/wp-content\/uploads\/2017\/01\/Fin-de-la-Impunidad.jpg 580w\" sizes=\"auto, (max-width: 300px) 100vw, 300px\" \/>El citado movimiento en Ban\u00ed ha hecho un llamamiento a los residentes de este municipio y la provincia a que participen en el di\u00e1logo que sostendr\u00e1n con el p\u00fablico los periodistas italianos Luca Manes y Antonio Tricarico, ambos dirigentes de la organizaci\u00f3n Common.<\/p>\n<p>El evento se efectuar\u00e1 el veniero viernes 18 de agosto a las 5 y 30 de la tarde en el centro parroquial Nuestra Se\u00f1ora de Regla, frente al parque central de esta ciudad de Ban\u00ed.<\/p>\n<p>Asimismo, los representantes del Movimiento Verde en Ban\u00ed ratificaron la convocatoria a marchar por las calles principales del municipio y luego dirigirse a Punta Catalina desde las 9 de la ma\u00f1ana del domingo 20 de agosto.<\/p>\n<p style=\"text-align: right;\"><span style=\"color: #ff0000;\">Primer<\/span>Momento<\/p>\n<p>&nbsp;<\/p>\n","protected":false},"excerpt":{"rendered":"<p>BAN\u00cd, Rep\u00fablica Dominicana.- La Marcha Verde por el Fin de la Impunidad en esta localidad, ha anunciado la realizaci\u00f3n de un conversatorio sobre carb\u00f3n, violencia y corrupci\u00f3n tomando como referencia los casos de Europa y Colombia. El citado movimiento en Ban\u00ed ha hecho un llamamiento a los residentes de este municipio y la provincia a [&hellip;]<\/p>\n","protected":false},"author":1,"featured_media":0,"comment_status":"open","ping_status":"open","sticky":false,"template":"","format":"standard","meta":{"_bbp_topic_count":0,"_bbp_reply_count":0,"_bbp_total_topic_count":0,"_bbp_total_reply_count":0,"_bbp_voice_count":0,"_bbp_anonymous_reply_count":0,"_bbp_topic_count_hidden":0,"_bbp_reply_count_hidden":0,"_bbp_forum_subforum_count":0,"footnotes":""},"categories":[60,32],"tags":[],"class_list":{"0":"post-292895","1":"post","2":"type-post","3":"status-publish","4":"format-standard","6":"category-titulares-del-dia","7":"category-lo-ultimo"},"_links":{"self":[{"href":"https:\/\/primermomento.com\/index.php?rest_route=\/wp\/v2\/posts\/292895","targetHints":{"allow":["GET"]}}],"collection":[{"href":"https:\/\/primermomento.com\/index.php?rest_route=\/wp\/v2\/posts"}],"about":[{"href":"https:\/\/primermomento.com\/index.php?rest_route=\/wp\/v2\/types\/post"}],"author":[{"embeddable":true,"href":"https:\/\/primermomento.com\/index.php?rest_route=\/wp\/v2\/users\/1"}],"replies":[{"embeddable":true,"href":"https:\/\/primermomento.com\/index.php?rest_route=%2Fwp%2Fv2%2Fcomments&post=292895"}],"version-history":[{"count":0,"href":"https:\/\/primermomento.com\/index.php?rest_route=\/wp\/v2\/posts\/292895\/revisions"}],"wp:attachment":[{"href":"https:\/\/primermomento.com\/index.php?rest_route=%2Fwp%2Fv2%2Fmedia&parent=292895"}],"wp:term":[{"taxonomy":"category","embeddable":true,"href":"https:\/\/primermomento.com\/index.php?rest_route=%2Fwp%2Fv2%2Fcategories&post=292895"},{"taxonomy":"post_tag","embeddable":true,"href":"https:\/\/primermomento.com\/index.php?rest_route=%2Fwp%2Fv2%2Ftags&post=292895"}],"curies":[{"name":"wp","href":"https:\/\/api.w.org\/{rel}","templated":true}]}}