{"id":292909,"date":"2017-08-17T08:14:14","date_gmt":"2017-08-17T12:14:14","guid":{"rendered":"http:\/\/primermomento.com\/?p=292909"},"modified":"2017-08-17T08:14:14","modified_gmt":"2017-08-17T12:14:14","slug":"mueren-37-reos-en-operacion-para-sofocar-motin-en-carcel-venezolana","status":"publish","type":"post","link":"https:\/\/primermomento.com\/?p=292909","title":{"rendered":"Mueren 37 reos en operaci\u00f3n para sofocar mot\u00edn en c\u00e1rcel venezolana"},"content":{"rendered":"<div class=\"wsw\">\n<p>AMAZONAS, Venezuela.- Una operaci\u00f3n de fuerzas especiales del ministerio venezolano de Justicia y Paz para sofocar un mot\u00edn en el Centro de Detenci\u00f3n Judicial en el estado Amazonas en el sur de Venezuela dej\u00f3 37 reos muertos, en un hecho calificado como una \u00abmasacre\u00bb por el gobernador del estado.<\/p>\n<figure id=\"attachment_292910\" aria-describedby=\"caption-attachment-292910\" style=\"width: 300px\" class=\"wp-caption alignleft\"><img loading=\"lazy\" decoding=\"async\" class=\"size-medium wp-image-292910\" src=\"http:\/\/primermomento.com\/wp-content\/uploads\/2017\/08\/carcel-venezolana-300x169.jpg\" alt=\"\" width=\"300\" height=\"169\" srcset=\"https:\/\/primermomento.com\/wp-content\/uploads\/2017\/08\/carcel-venezolana-300x169.jpg 300w, https:\/\/primermomento.com\/wp-content\/uploads\/2017\/08\/carcel-venezolana-768x432.jpg 768w, https:\/\/primermomento.com\/wp-content\/uploads\/2017\/08\/carcel-venezolana-478x270.jpg 478w, https:\/\/primermomento.com\/wp-content\/uploads\/2017\/08\/carcel-venezolana-500x281.jpg 500w, https:\/\/primermomento.com\/wp-content\/uploads\/2017\/08\/carcel-venezolana-280x157.jpg 280w, https:\/\/primermomento.com\/wp-content\/uploads\/2017\/08\/carcel-venezolana-638x359.jpg 638w, https:\/\/primermomento.com\/wp-content\/uploads\/2017\/08\/carcel-venezolana-118x66.jpg 118w, https:\/\/primermomento.com\/wp-content\/uploads\/2017\/08\/carcel-venezolana-479x269.jpg 479w, https:\/\/primermomento.com\/wp-content\/uploads\/2017\/08\/carcel-venezolana.jpg 1023w\" sizes=\"auto, (max-width: 300px) 100vw, 300px\" \/><figcaption id=\"caption-attachment-292910\" class=\"wp-caption-text\">El centro de reclusi\u00f3n, situado en una regi\u00f3n selv\u00e1tica de la naci\u00f3n petrolera sudamericana, albergaba a unas 105 personas.<\/figcaption><\/figure>\n<p>La Fiscal\u00eda inform\u00f3 el mi\u00e9rcoles que design\u00f3 a dos fiscales para investigar el suceso, que pone de manifiesto la violencia que aqueja a la naci\u00f3n petrolera.<\/p>\n<p>\u00abLos decesos ocurrieron durante toma de Centro de Detenci\u00f3n Judicial de Amazonas en la cual resultaron heridos tambi\u00e9n 14 funcionarios\u00bb, dijo la Fiscal\u00eda en un mensaje en Twitter donde tambi\u00e9n confirm\u00f3 la muerte de las 37 personas.<\/p>\n<p>El gobernador de Amazonas, el opositor Liborio Guarulla, asegur\u00f3 que la \u201cmasacre\u201d ocurri\u00f3 luego que arribaran a Puerto Ayagucho \u201cunos grupos especiales para la toma de este centro\u201d.<\/p>\n<p>\u201cSe sab\u00eda que los reos estaban armados y los directivos pidieron hacer la requisa, ayer se concret\u00f3 esa intervenci\u00f3n\u201d, indic\u00f3 Guarulla.<\/p>\n<p>Cr\u00edticos aseguran que las c\u00e1rceles venezolanas est\u00e1n controladas por grupos criminales que acceden con facilidad a armas de grueso calibre. El Gobierno intenta controlar la situaci\u00f3n con operaciones especiales, pero con regularidad se producen enfrentamientos con los prisioneros.<\/p>\n<p>El centro de reclusi\u00f3n, situado en una regi\u00f3n selv\u00e1tica de la naci\u00f3n petrolera sudamericana, albergaba a unas 105 personas, precis\u00f3, por lo que se considera que los decesos representan el 40% de la poblaci\u00f3n reclusa.<\/p>\n<p>La alcaldesa de Puerto Ayacucho, Adriana Gonz\u00e1lez, dijo que la ciudad vivi\u00f3 \u00abuna noche de terror\u00bb con balas y granadas.<\/p>\n<p>Venezuela es uno de los pa\u00edses m\u00e1s violentos del mundo y los reclusos a menudo planean secuestros y robos desde las c\u00e1rceles.<\/p>\n<p style=\"text-align: right;\"><span style=\"color: #ff0000;\"><em>VOANEWS<\/em><\/span><\/p>\n<\/div>\n","protected":false},"excerpt":{"rendered":"<p>AMAZONAS, Venezuela.- Una operaci\u00f3n de fuerzas especiales del ministerio venezolano de Justicia y Paz para sofocar un mot\u00edn en el Centro de Detenci\u00f3n Judicial en el estado Amazonas en el sur de Venezuela dej\u00f3 37 reos muertos, en un hecho calificado como una \u00abmasacre\u00bb por el gobernador del estado. La Fiscal\u00eda inform\u00f3 el mi\u00e9rcoles que [&hellip;]<\/p>\n","protected":false},"author":1,"featured_media":0,"comment_status":"open","ping_status":"open","sticky":false,"template":"","format":"standard","meta":{"_bbp_topic_count":0,"_bbp_reply_count":0,"_bbp_total_topic_count":0,"_bbp_total_reply_count":0,"_bbp_voice_count":0,"_bbp_anonymous_reply_count":0,"_bbp_topic_count_hidden":0,"_bbp_reply_count_hidden":0,"_bbp_forum_subforum_count":0,"footnotes":""},"categories":[60,32],"tags":[],"class_list":{"0":"post-292909","1":"post","2":"type-post","3":"status-publish","4":"format-standard","6":"category-titulares-del-dia","7":"category-lo-ultimo"},"_links":{"self":[{"href":"https:\/\/primermomento.com\/index.php?rest_route=\/wp\/v2\/posts\/292909","targetHints":{"allow":["GET"]}}],"collection":[{"href":"https:\/\/primermomento.com\/index.php?rest_route=\/wp\/v2\/posts"}],"about":[{"href":"https:\/\/primermomento.com\/index.php?rest_route=\/wp\/v2\/types\/post"}],"author":[{"embeddable":true,"href":"https:\/\/primermomento.com\/index.php?rest_route=\/wp\/v2\/users\/1"}],"replies":[{"embeddable":true,"href":"https:\/\/primermomento.com\/index.php?rest_route=%2Fwp%2Fv2%2Fcomments&post=292909"}],"version-history":[{"count":0,"href":"https:\/\/primermomento.com\/index.php?rest_route=\/wp\/v2\/posts\/292909\/revisions"}],"wp:attachment":[{"href":"https:\/\/primermomento.com\/index.php?rest_route=%2Fwp%2Fv2%2Fmedia&parent=292909"}],"wp:term":[{"taxonomy":"category","embeddable":true,"href":"https:\/\/primermomento.com\/index.php?rest_route=%2Fwp%2Fv2%2Fcategories&post=292909"},{"taxonomy":"post_tag","embeddable":true,"href":"https:\/\/primermomento.com\/index.php?rest_route=%2Fwp%2Fv2%2Ftags&post=292909"}],"curies":[{"name":"wp","href":"https:\/\/api.w.org\/{rel}","templated":true}]}}