{"id":292934,"date":"2017-08-17T06:20:21","date_gmt":"2017-08-17T10:20:21","guid":{"rendered":"http:\/\/primermomento.com\/?p=292934"},"modified":"2017-08-17T14:24:57","modified_gmt":"2017-08-17T18:24:57","slug":"del-sur-el-desafio-es-la-democracia","status":"publish","type":"post","link":"https:\/\/primermomento.com\/?p=292934","title":{"rendered":"Del sur | El desaf\u00edo es la democracia"},"content":{"rendered":"<p><em>De vez en cuando hay que hacer<\/em><br \/>\n<em>una pausa<\/em><br \/>\n<em>contemplarse a s\u00ed mismo<\/em><br \/>\n<em>sin la fruici\u00f3n cotidiana<\/em><br \/>\n<em>examinar el pasado<\/em><br \/>\n<em>rubro por rubro<\/em><br \/>\n<em>etapa por etapa<\/em><br \/>\n<em>baldosa por baldosa<\/em><br \/>\n<em>y no llorarse las mentiras<\/em><br \/>\n<em>sino cantarse las verdades\u201d.<\/em><br \/>\nMario Benedetti<\/p>\n<p><img loading=\"lazy\" decoding=\"async\" class=\"size-medium wp-image-280855 alignleft\" src=\"http:\/\/primermomento.com\/wp-content\/uploads\/2016\/09\/Guillermo-Cifuentes3-300x194.jpg\" alt=\"\" width=\"300\" height=\"194\" \/>No habr\u00e1 democracia en Rep\u00fablica Dominicana sin un nuevo relato en el cual cada uno de los actores pol\u00edticos asuma sus responsabilidades, sus identidades y sus lugares en el devenir hist\u00f3rico sin ning\u00fan tipo de pudores. Un relato que obligue a una nueva mirada y ponga en primer plano nuevos dilemas. La historia dice sin temor a equivocaci\u00f3n que fueron muchas y buenas las intenciones y fueron pocos y malos los resultados si los medimos con la vara de la democracia que fue puesta con mucha simpleza y profundidad por la calle: Fin de la impunidad.<\/p>\n<p>Como casi siempre la cuesti\u00f3n electoral est\u00e1 de moda. Por lo que hasta ahora puede apreciarse, los resultados de las reformas al sistema electoral ser\u00e1n, en la perspectiva de la democracia, completamente insuficientes y hasta frustrantes. Vale, por lo tanto, instalar en la discusi\u00f3n si acaso algunos seguir\u00e1n con el cuento fallido de la \u201cunidad de la oposici\u00f3n\u201d conform\u00e1ndose nueva vez, y como se repite cada cuatro a\u00f1os, con un proyecto electoral (perdedor) o si tras la lectura que impone la Marcha Verde se intentar\u00e1 por fin un proyecto pol\u00edtico con todas sus consecuencias, especialmente bregando con plazos que pueden ir m\u00e1s all\u00e1 del pr\u00f3ximo evento electoral.<\/p>\n<p>La semana pasada remit\u00ed a tres obras necesarias para acercarnos a las reformas del sistema electoral. En una de ellas hay dos cap\u00edtulos escritos en 1996 cuyos simples t\u00edtulos, sin necesidad de adentrarse en su lectura, demuestran el inmovilismo al que pareci\u00e9ramos condenados: \u201cUna historia de farsas electorales\u201d y \u201cLa ilusi\u00f3n de las reformas pol\u00edticas\u201d. Si a eso le sumamos el efecto que la Marcha Verde tendr\u00e1 respecto de los est\u00e1ndares \u00e9ticos en el 2020 y que exige asumir que el tema es llegar a la democracia, nadie podr\u00e1 intentar socorrer con recambios a favorecidos en el usufructo del Estado. Con los est\u00e1ndares que ha puesto la \u201cMarcha Verde\u201d es impresentable que para conducir las necesarias reformas pol\u00edticas se pretenda asumir como responsable a un partido que tiene a su presidente y a su principal vocero legislativo \u201cencartados\u201d (no sumo a un asesor porque los asesores son as\u00ed).<\/p>\n<p>Si todav\u00eda algo de la historia pol\u00edtica reciente sirve de referente, queda claro que ninguna de las citas siguientes calza con las exigencias de la Marcha Verde: \u201cYo hablo por decreto\u201d (20 de septiembre de 1997), \u201cLos presidentes no se tocan\u201d (2000), \u201cHa tenido que priorizar qu\u00e9 primero, si persecuci\u00f3n o gobernar, y el presidente de la Rep\u00fablica ha escogido el camino de la gobernabilidad\u201d (2005), \u201cNo perdamos el tiempo en lanzar piedras hacia atr\u00e1s\u201d (2012).<\/p>\n<p>Hay que insistir en todo esto porque se ha intentado hacer pasar las reclamaciones de la Marcha Verde como dirigidas solo a quienes hoy est\u00e1n en el gobierno. La tradici\u00f3n dice que si est\u00e1s fuera del gobierno y apoyas a alguno de los grupos f\u00e1cticos eres buena gente, pol\u00edticamente correcto pero esto definitivamente no es as\u00ed. Las calles \u201cchivatearon\u201d a los responsables pol\u00edticos de lo que ocurre hoy cuando se ha llegado al extremo de lo que ninguna sociedad puede aceptar sin arriesgar su propia existencia.<\/p>\n<p>Es cierto que habr\u00e1 que insistir acerca de las proyecciones y significados de la Marcha Verde pero eso tambi\u00e9n hay que hacerlo con decisi\u00f3n y franqueza. Lo que no es cierto es que la Marcha Verde resulte de las experiencias fallidas que adornan el itinerario pol\u00edtico y social dominicano, sino que por el contrario se trata justamente de que los verdes abandonaron esas socorridas pr\u00e1cticas \u201cde concertaci\u00f3n\u201d. Ocurri\u00f3 tambi\u00e9n que ante un fen\u00f3meno delictivo de proporciones gigantescas actores sociales que tradicionalmente formaban parte de innumerables listas de \u201cadherentes\u201d pasaron a ser los que toman las decisiones. Como he anotado antes, para \u2018descifrar\u2019 el \u00e9xito de la Marcha Verde resulta m\u00e1s sencillo identificar a los que no est\u00e1n, antes que a los que est\u00e1n. Eso explica por ejemplo que la lucha por el Fin de la impunidad y lo que se pide en los manifiestos al final de cada marcha, poco tiene que ver con aquella lucha contra la corrupci\u00f3n inspirada en Transparencia Internacional que no conoci\u00f3 m\u00e1s que alg\u00fan \u00e9xito medi\u00e1tico gracias a programas televisivos y que nunca consigui\u00f3 ni siquiera un preso aunque tuvo muchos casos, varios sospechosos y conocidos acusados.<\/p>\n<p>Ese recambio en lo social, esa nueva hegemon\u00eda en el marco de las relaciones de las organizaciones sociales y populares inaugurado por el movimiento verde es el que debe tener consecuencias en el plano pol\u00edtico pero eso solo ocurrir\u00e1 cuando las organizaciones pol\u00edticas democr\u00e1ticas y comprometidas con el fin de la impunidad se sienten a conversar, a dejar en claro sus acuerdos, \u00a1sus diferencias!, s\u00ed sus diferencias, y convengan lecturas de la realidad social, pol\u00edtica y electoral.<\/p>\n<p>Sobre lo electoral -que puede resultar el terror de los peque\u00f1os- se deben comenzar a decir o a repetir algunas obviedades: el PRD, en cualquiera de sus versiones no le va a ganar una elecci\u00f3n al PLD. Luego del mejor desempe\u00f1o electoral de 2012 con su candidato Hip\u00f3lito Mej\u00eda comenz\u00f3 una decadencia marcada y confirmada en 2016. Y conste que no parece aceptable en el marco de la discusi\u00f3n sobre nuevos escenarios responsabilizar al ex presidente Mej\u00eda de su derrota en 2012 por aquello de que la se\u00f1oras del servicio se llevaban para su casa el salami. Eso no es verdad. Tampoco es cierto, aunque sea un expediente f\u00e1cil, que la derrota del sector del PRD (en su nueva versi\u00f3n) haya perdido en 2016 por la defensa de la cementera familiar que quer\u00eda asaltar un parque nacional o del intento de formar el bloque del transporte en el Congreso con resultado de muerte de un hombre bueno y ex rector de la UASD o los amores con el balaguerismo, etc.<\/p>\n<p>Entonces ahora, cuando la hora de la creaci\u00f3n pol\u00edtica ha llegado, cuando es posible pensar el pa\u00eds sin el stress de la pr\u00f3xima elecci\u00f3n porque hay tiempo, propongo que se haga un ejercicio: veamos el escenario pol\u00edtico, hagamos la lista de los candidatos que est\u00e1n sonando y aunque nos aparezca algo de pesimismo marquemos uno, solo uno -sea del gobierno o de los que no est\u00e1n en el gobierno- al que le creer\u00edamos que va poner fin a la impunidad en la dram\u00e1tica situaci\u00f3n potencial de que alguno de ellos ganara la elecci\u00f3n.<\/p>\n<p>Por supuesto van a aparecer los sabios clamando que cualquier soluci\u00f3n distinta es imposible. Lo primero que hay que hacer es no poner o\u00eddos a quienes argumenten as\u00ed. Es lo que han hecho por cincuenta a\u00f1os y entre otras cosas deben explicar a un presidente suicida, otro preso y otro candidato impenitente. Tampoco faltar\u00e1n los que desde la galer\u00eda, pues se resisten a ser parte de la obra, vociferen \u201cque se vayan todos\u201d ignorando, entre las muchas cosas que ignoran, que cuando se quiere que se vayan todos, la historia pol\u00edtica les demostrar\u00e1 que no se va nadie.<\/p>\n<p>La Marcha Verde ha dejado en evidencia que hay una falta de alternativa pol\u00edtica, esa es su \u00fanica debilidad y no es su responsabilidad. Los que no se quieren hacer cargo de sus deudas intentar\u00e1n colgarle responsabilidades pol\u00edticas a la Marcha Verde cuando lo que falta \u2013alternativa- es tambi\u00e9n producto de a\u00f1os de intentar frente a una planilla Excel sumas imposibles. Es la hora de que miren su obra: haber impedido el surgimiento de alternativas y haber apostado a la \u201cunidad de los que no est\u00e1n en el gobierno\u201d. La lucha por el fin de la impunidad ha dejado esa obra frente a todos como lo que era, el producto del miedo, la nostalgia del cheque, el t\u00edmido desasosiego o simplemente el recelo, sin m\u00e1s. Por eso es que muchos la hicieron mucho m\u00e1s cortita: se cambiaron de bando.<\/p>\n<p>As\u00ed, aunque con algo de incomodidad, debo volver a anotar que los pa\u00edses sin organizaciones pol\u00edticas alternativas, son pa\u00edses sin alternativa.<\/p>\n<p style=\"text-align: right;\"><span style=\"color: #ff0000;\">Guillermo Cifuentes<\/span><br \/>\n<span style=\"color: #ff0000;\"><em>Articulista<\/em><\/span><\/p>\n<p>&nbsp;<\/p>\n","protected":false},"excerpt":{"rendered":"<p>De vez en cuando hay que hacer una pausa contemplarse a s\u00ed mismo sin la fruici\u00f3n cotidiana examinar el pasado rubro por rubro etapa por etapa baldosa por baldosa y no llorarse las mentiras sino cantarse las verdades\u201d. Mario Benedetti No habr\u00e1 democracia en Rep\u00fablica Dominicana sin un nuevo relato en el cual cada uno [&hellip;]<\/p>\n","protected":false},"author":1,"featured_media":0,"comment_status":"open","ping_status":"open","sticky":false,"template":"","format":"standard","meta":{"_bbp_topic_count":0,"_bbp_reply_count":0,"_bbp_total_topic_count":0,"_bbp_total_reply_count":0,"_bbp_voice_count":0,"_bbp_anonymous_reply_count":0,"_bbp_topic_count_hidden":0,"_bbp_reply_count_hidden":0,"_bbp_forum_subforum_count":0,"footnotes":""},"categories":[33],"tags":[],"class_list":{"0":"post-292934","1":"post","2":"type-post","3":"status-publish","4":"format-standard","6":"category-opinion"},"_links":{"self":[{"href":"https:\/\/primermomento.com\/index.php?rest_route=\/wp\/v2\/posts\/292934","targetHints":{"allow":["GET"]}}],"collection":[{"href":"https:\/\/primermomento.com\/index.php?rest_route=\/wp\/v2\/posts"}],"about":[{"href":"https:\/\/primermomento.com\/index.php?rest_route=\/wp\/v2\/types\/post"}],"author":[{"embeddable":true,"href":"https:\/\/primermomento.com\/index.php?rest_route=\/wp\/v2\/users\/1"}],"replies":[{"embeddable":true,"href":"https:\/\/primermomento.com\/index.php?rest_route=%2Fwp%2Fv2%2Fcomments&post=292934"}],"version-history":[{"count":0,"href":"https:\/\/primermomento.com\/index.php?rest_route=\/wp\/v2\/posts\/292934\/revisions"}],"wp:attachment":[{"href":"https:\/\/primermomento.com\/index.php?rest_route=%2Fwp%2Fv2%2Fmedia&parent=292934"}],"wp:term":[{"taxonomy":"category","embeddable":true,"href":"https:\/\/primermomento.com\/index.php?rest_route=%2Fwp%2Fv2%2Fcategories&post=292934"},{"taxonomy":"post_tag","embeddable":true,"href":"https:\/\/primermomento.com\/index.php?rest_route=%2Fwp%2Fv2%2Ftags&post=292934"}],"curies":[{"name":"wp","href":"https:\/\/api.w.org\/{rel}","templated":true}]}}