{"id":293048,"date":"2017-08-20T12:50:10","date_gmt":"2017-08-20T16:50:10","guid":{"rendered":"http:\/\/primermomento.com\/?p=293048"},"modified":"2017-08-20T21:52:16","modified_gmt":"2017-08-21T01:52:16","slug":"inauguran-juegos-patrios-dominicanos-en-ny","status":"publish","type":"post","link":"https:\/\/primermomento.com\/?p=293048","title":{"rendered":"Inauguran Juegos Patrios Dominicanos en NY"},"content":{"rendered":"<p>NUEVA YORK, Nueva York.- Con la asistencia de unos 500 atletas de los 1,300 que participar\u00e1n en las diferentes disciplina, y la presencia del ministro de Deportes, Danilo D\u00edaz; el c\u00f3nsul Carlos Castillo, y el presidente del Comit\u00e9 Olimpico, Luis\u00edn Mej\u00eda Oviedo, fueron inaugurados la tarde de este s\u00e1bado los Xll Juegos Patrios Dominicanos en esta ciudad.<\/p>\n<p><img loading=\"lazy\" decoding=\"async\" class=\"size-medium wp-image-293049 alignleft\" src=\"http:\/\/primermomento.com\/wp-content\/uploads\/2017\/08\/Inauguran-Juegos-Patrios-Dominicanos-en-NY-300x255.jpg\" alt=\"\" width=\"300\" height=\"255\" srcset=\"https:\/\/primermomento.com\/wp-content\/uploads\/2017\/08\/Inauguran-Juegos-Patrios-Dominicanos-en-NY-300x255.jpg 300w, https:\/\/primermomento.com\/wp-content\/uploads\/2017\/08\/Inauguran-Juegos-Patrios-Dominicanos-en-NY-500x425.jpg 500w, https:\/\/primermomento.com\/wp-content\/uploads\/2017\/08\/Inauguran-Juegos-Patrios-Dominicanos-en-NY-259x220.jpg 259w, https:\/\/primermomento.com\/wp-content\/uploads\/2017\/08\/Inauguran-Juegos-Patrios-Dominicanos-en-NY-118x100.jpg 118w, https:\/\/primermomento.com\/wp-content\/uploads\/2017\/08\/Inauguran-Juegos-Patrios-Dominicanos-en-NY-479x407.jpg 479w, https:\/\/primermomento.com\/wp-content\/uploads\/2017\/08\/Inauguran-Juegos-Patrios-Dominicanos-en-NY.jpg 554w\" sizes=\"auto, (max-width: 300px) 100vw, 300px\" \/>La ausencia de los atletas restantes se debi\u00f3 a que est\u00e1n participando en eventos, cuyas competiciones iniciaron el viernes y concluir\u00e1n este domingo. Se escoger\u00e1n los que participar\u00e1n en los \u201cJuegos Nacionales\u201d a efectuarse en la provincia Hermanas Mirabal en marzo de 2018.<\/p>\n<p>Desfilaron delegaciones de atletas de Manhattan, Bronx, Queens, Brooklyn, Long Island, Staten Island, New Jersey y New England.<\/p>\n<p>El ministro D\u00edaz pronunci\u00f3 el discurso central del acto, expresando que por disposici\u00f3n del Presidente Danilo Medina, de ahora en adelante \u201cse estar\u00e1 construyendo la conexi\u00f3n verdadera entre los dominicanos residentes en el extranjero y los que viven en el pa\u00eds\u201d<\/p>\n<p>Por su parte, el c\u00f3nsul Castillo, quien preside el comit\u00e9 organizador en EEUU, manifest\u00f3 que el presidente Medina impulsa el deporte y a la vez respalda el esfuerzo e iniciativa del ministro de Deportes.<\/p>\n<p>Mientras que Mej\u00eda Oviedo destac\u00f3 el que D\u00edaz haya recuperado los \u201cJuegos Patrios\u201d y exhort\u00f3 a no desperdiciar la oportunidad de continuarlo.<\/p>\n<p>Durante su emotiva intervenci\u00f3n solicit\u00f3 a los cientos de criollos presentes, que repitieran con \u00e9l \u00a1La Patria est\u00e1 en ti!, teniendo como respuesta una ovaci\u00f3n, para luego concluir \u201cSi la Patria est\u00e1 en ti \u00bfQui\u00e9n contra nosotros?\u00bb, los aplausos fueron prolongados.<\/p>\n<p>Otros que hablaron fueron el director de Deportes con asiento en NY, Wilfredo Soriano; Edi Medina, presidente del Comit\u00e9 Organizador de los juegos Nacionales Hermanas Mirabal, y el viceministro Juan Jos\u00e9 B\u00e1ez, entre otros.<\/p>\n<p>Tania Rodr\u00edguez, campeona Panamericana de Karate, jurament\u00f3 los atletas. Luego se procedi\u00f3 al encendido del fuego ol\u00edmpico a cargo del ex velocista Feliz S\u00e1nchez.<\/p>\n<p>A la ceremonia asistieron tambi\u00e9n el empresario Cirilo Moronta, propietario de 809, co-patrocinador; la senadora Marisol Alc\u00e1ntara, asambleista Carmen de la Rosa, concejal Ydanis Rodr\u00edguez, los Embajadores Alternos ante la ONU, Emiliano Espinosa, Juan \u00c1vila y Napole\u00f3n Veras, y Dar\u00edo Medina.<\/p>\n<p>Los vicec\u00f3nsules Pedro Zorrilla, David Cordero, V\u00edctor Compr\u00e9s y Jos\u00e9 Santana. Los dirigentes deportivos Gilberto Garc\u00eda, Rafael Uribe, Edwin Rodr\u00edguez, Gerardo Suero Correa, Antonio Acosta y Lino Rivera, entre otros.<\/p>\n<p>El senador Adriano Espaillat, envi\u00f3 un pergamino de reconocimiento que le fue entregado por el ministro de Deportes al c\u00f3nsul Castillo en reconocimiento del Senado de los EEUU a la comunidad dominicana residente en territorio estodounidense.<\/p>\n<p>El evento se llev\u00f3 a cabo en el parque \u201cRiver Bank\u201d, ubicado en la avenida Riverside con la calle 145, en el Alto Manhattan, donde los asistentes disfrutaron al m\u00e1ximo los merengues de Kinito M\u00e9ndez, Ninoska y del urbano Crazy Design.<\/p>\n<p>Asimismo los dominicanos pusieron de manifiesto su folklor y enarbolaron la bandera tricolor, cantaron el himno nacional y vociferaron con orgullo la dominicanidad.<\/p>\n<p style=\"text-align: right;\"><span style=\"color: #ff0000;\">Ram\u00f3n Mercedes<\/span><\/p>\n<p>&nbsp;<\/p>\n","protected":false},"excerpt":{"rendered":"<p>NUEVA YORK, Nueva York.- Con la asistencia de unos 500 atletas de los 1,300 que participar\u00e1n en las diferentes disciplina, y la presencia del ministro de Deportes, Danilo D\u00edaz; el c\u00f3nsul Carlos Castillo, y el presidente del Comit\u00e9 Olimpico, Luis\u00edn Mej\u00eda Oviedo, fueron inaugurados la tarde de este s\u00e1bado los Xll Juegos Patrios Dominicanos en [&hellip;]<\/p>\n","protected":false},"author":1,"featured_media":0,"comment_status":"open","ping_status":"open","sticky":false,"template":"","format":"standard","meta":{"_bbp_topic_count":0,"_bbp_reply_count":0,"_bbp_total_topic_count":0,"_bbp_total_reply_count":0,"_bbp_voice_count":0,"_bbp_anonymous_reply_count":0,"_bbp_topic_count_hidden":0,"_bbp_reply_count_hidden":0,"_bbp_forum_subforum_count":0,"footnotes":""},"categories":[42,60],"tags":[],"class_list":{"0":"post-293048","1":"post","2":"type-post","3":"status-publish","4":"format-standard","6":"category-deportes","7":"category-titulares-del-dia"},"_links":{"self":[{"href":"https:\/\/primermomento.com\/index.php?rest_route=\/wp\/v2\/posts\/293048","targetHints":{"allow":["GET"]}}],"collection":[{"href":"https:\/\/primermomento.com\/index.php?rest_route=\/wp\/v2\/posts"}],"about":[{"href":"https:\/\/primermomento.com\/index.php?rest_route=\/wp\/v2\/types\/post"}],"author":[{"embeddable":true,"href":"https:\/\/primermomento.com\/index.php?rest_route=\/wp\/v2\/users\/1"}],"replies":[{"embeddable":true,"href":"https:\/\/primermomento.com\/index.php?rest_route=%2Fwp%2Fv2%2Fcomments&post=293048"}],"version-history":[{"count":0,"href":"https:\/\/primermomento.com\/index.php?rest_route=\/wp\/v2\/posts\/293048\/revisions"}],"wp:attachment":[{"href":"https:\/\/primermomento.com\/index.php?rest_route=%2Fwp%2Fv2%2Fmedia&parent=293048"}],"wp:term":[{"taxonomy":"category","embeddable":true,"href":"https:\/\/primermomento.com\/index.php?rest_route=%2Fwp%2Fv2%2Fcategories&post=293048"},{"taxonomy":"post_tag","embeddable":true,"href":"https:\/\/primermomento.com\/index.php?rest_route=%2Fwp%2Fv2%2Ftags&post=293048"}],"curies":[{"name":"wp","href":"https:\/\/api.w.org\/{rel}","templated":true}]}}