{"id":293126,"date":"2017-08-23T10:18:12","date_gmt":"2017-08-23T14:18:12","guid":{"rendered":"http:\/\/primermomento.com\/?p=293126"},"modified":"2017-08-23T10:29:22","modified_gmt":"2017-08-23T14:29:22","slug":"presidentetrump-advierte-que-podria-poner-fin-al-tlcan","status":"publish","type":"post","link":"https:\/\/primermomento.com\/?p=293126","title":{"rendered":"Presidente Trump advierte que podr\u00eda poner fin al TLCAN"},"content":{"rendered":"<p>PHOENIX, Arizona.- El presidente de Estados Unidos, Donald Trump, advirti\u00f3 el martes en la noche que podr\u00eda terminar el Tratado de Libre Comercio de Am\u00e9rica del Norte (TLCAN) con M\u00e9xico y Canad\u00e1 luego de que unas negociaciones tripartitas no lograron superar unas diferencias profundas.<\/p>\n<figure id=\"attachment_293127\" aria-describedby=\"caption-attachment-293127\" style=\"width: 300px\" class=\"wp-caption alignleft\"><img loading=\"lazy\" decoding=\"async\" class=\"size-medium wp-image-293127\" src=\"http:\/\/primermomento.com\/wp-content\/uploads\/2017\/08\/trump-en-arizona-300x168.jpg\" alt=\"\" width=\"300\" height=\"168\" srcset=\"https:\/\/primermomento.com\/wp-content\/uploads\/2017\/08\/trump-en-arizona-300x168.jpg 300w, https:\/\/primermomento.com\/wp-content\/uploads\/2017\/08\/trump-en-arizona-768x431.jpg 768w, https:\/\/primermomento.com\/wp-content\/uploads\/2017\/08\/trump-en-arizona-478x270.jpg 478w, https:\/\/primermomento.com\/wp-content\/uploads\/2017\/08\/trump-en-arizona-216x120.jpg 216w, https:\/\/primermomento.com\/wp-content\/uploads\/2017\/08\/trump-en-arizona-500x281.jpg 500w, https:\/\/primermomento.com\/wp-content\/uploads\/2017\/08\/trump-en-arizona-280x157.jpg 280w, https:\/\/primermomento.com\/wp-content\/uploads\/2017\/08\/trump-en-arizona-638x358.jpg 638w, https:\/\/primermomento.com\/wp-content\/uploads\/2017\/08\/trump-en-arizona-118x66.jpg 118w, https:\/\/primermomento.com\/wp-content\/uploads\/2017\/08\/trump-en-arizona-479x269.jpg 479w, https:\/\/primermomento.com\/wp-content\/uploads\/2017\/08\/trump-en-arizona.jpg 780w\" sizes=\"auto, (max-width: 300px) 100vw, 300px\" \/><figcaption id=\"caption-attachment-293127\" class=\"wp-caption-text\">El presidente de EE.UU., Donald Trump, dice que podr\u00eda poner fin al Tratado de Libre Comercio de Am\u00e9rica del Norte.<\/figcaption><\/figure>\n<p>Estados Unidos, Canad\u00e1 y M\u00e9xico concluyeron el domingo su primera ronda de conversaciones para renovar el pacto comercial con pocas se\u00f1ales de un avance. Trump reabri\u00f3 las negociaciones del tratado de 1994 por la preocupaci\u00f3n de que los intereses econ\u00f3micos de su pa\u00eds est\u00e1n siendo afectados.<\/p>\n<p>\u00abPersonalmente, no creo que podamos alcanzar un trato. Creo que probablemente acabaremos terminando el TLCAN en alg\u00fan momento\u00bb, declar\u00f3 Trump en un mitin pol\u00edtico en Phoenix, Arizona.<\/p>\n<p>Sugiriendo que una terminaci\u00f3n podr\u00eda ayudar a impulsar las negociaciones, Trump dijo: \u00abPersonalmente no creo que puedas hacer un trato sin una terminaci\u00f3n\u00bb.<\/p>\n<p>Tras las declaraciones de Trump, el Secretario de Relaciones Exteriores de M\u00e9xico, Luis Videgaray, escribi\u00f3 en Twitter: \u00abSin sorpresas: ya estamos en una negociaci\u00f3n. M\u00e9xico seguir\u00e1 en la mesa con serenidad, firmeza y el inter\u00e9s nacional por delante.\u00bb.<\/p>\n<p>En un comunicado conjunto emitido tras cinco d\u00edas de reuniones en Washington, los principales funcionarios del \u00e1rea comercial de los tres pa\u00edses dijeron que M\u00e9xico ser\u00e1 anfitri\u00f3n de la pr\u00f3xima ronda de negociaciones del TLCAN del 1 al 5 de septiembre.<\/p>\n<p>Una tercera ronda se celebrar\u00e1 en Canad\u00e1 a fines de septiembre y en octubre Estados Unidos volver\u00e1 a recibir a los representantes comerciales de los tres pa\u00edses, con m\u00e1s rondas programadas para el resto del a\u00f1o.<\/p>\n<p style=\"text-align: right;\"><em><span style=\"color: #ff0000;\">REUTERS\/VOANEWS<\/span><\/em><\/p>\n","protected":false},"excerpt":{"rendered":"<p>PHOENIX, Arizona.- El presidente de Estados Unidos, Donald Trump, advirti\u00f3 el martes en la noche que podr\u00eda terminar el Tratado de Libre Comercio de Am\u00e9rica del Norte (TLCAN) con M\u00e9xico y Canad\u00e1 luego de que unas negociaciones tripartitas no lograron superar unas diferencias profundas. Estados Unidos, Canad\u00e1 y M\u00e9xico concluyeron el domingo su primera ronda [&hellip;]<\/p>\n","protected":false},"author":1,"featured_media":0,"comment_status":"open","ping_status":"open","sticky":false,"template":"","format":"standard","meta":{"_bbp_topic_count":0,"_bbp_reply_count":0,"_bbp_total_topic_count":0,"_bbp_total_reply_count":0,"_bbp_voice_count":0,"_bbp_anonymous_reply_count":0,"_bbp_topic_count_hidden":0,"_bbp_reply_count_hidden":0,"_bbp_forum_subforum_count":0,"footnotes":""},"categories":[35,60],"tags":[],"class_list":{"0":"post-293126","1":"post","2":"type-post","3":"status-publish","4":"format-standard","6":"category-economia","7":"category-titulares-del-dia"},"_links":{"self":[{"href":"https:\/\/primermomento.com\/index.php?rest_route=\/wp\/v2\/posts\/293126","targetHints":{"allow":["GET"]}}],"collection":[{"href":"https:\/\/primermomento.com\/index.php?rest_route=\/wp\/v2\/posts"}],"about":[{"href":"https:\/\/primermomento.com\/index.php?rest_route=\/wp\/v2\/types\/post"}],"author":[{"embeddable":true,"href":"https:\/\/primermomento.com\/index.php?rest_route=\/wp\/v2\/users\/1"}],"replies":[{"embeddable":true,"href":"https:\/\/primermomento.com\/index.php?rest_route=%2Fwp%2Fv2%2Fcomments&post=293126"}],"version-history":[{"count":0,"href":"https:\/\/primermomento.com\/index.php?rest_route=\/wp\/v2\/posts\/293126\/revisions"}],"wp:attachment":[{"href":"https:\/\/primermomento.com\/index.php?rest_route=%2Fwp%2Fv2%2Fmedia&parent=293126"}],"wp:term":[{"taxonomy":"category","embeddable":true,"href":"https:\/\/primermomento.com\/index.php?rest_route=%2Fwp%2Fv2%2Fcategories&post=293126"},{"taxonomy":"post_tag","embeddable":true,"href":"https:\/\/primermomento.com\/index.php?rest_route=%2Fwp%2Fv2%2Ftags&post=293126"}],"curies":[{"name":"wp","href":"https:\/\/api.w.org\/{rel}","templated":true}]}}