{"id":293173,"date":"2017-08-23T08:01:02","date_gmt":"2017-08-23T12:01:02","guid":{"rendered":"http:\/\/primermomento.com\/?p=293173"},"modified":"2017-08-23T18:05:41","modified_gmt":"2017-08-23T22:05:41","slug":"tenista-dominicano-victor-estrella-jugara-la-copa-davis","status":"publish","type":"post","link":"https:\/\/primermomento.com\/?p=293173","title":{"rendered":"Tenista dominicano V\u00edctor Estrella jugar\u00e1 la Copa Davis"},"content":{"rendered":"<div class=\"fullNewsIntrotext\">SANTO DOMINGO, Rep\u00fablica Dominicana.- El tenista Victor Estrella ser\u00e1 la primera raqueta de su pa\u00eds en el enfrentamiento que sostendr\u00e1 en el mes de septiembre Rep\u00fablica Dominicana contra Per\u00fa en la Copa Davis, informaron hoy medios de prensa.<\/div>\n<div><\/div>\n<div class=\"fullNewsFulltext\">\n<figure id=\"attachment_293174\" aria-describedby=\"caption-attachment-293174\" style=\"width: 300px\" class=\"wp-caption alignright\"><img loading=\"lazy\" decoding=\"async\" class=\"size-medium wp-image-293174\" src=\"http:\/\/primermomento.com\/wp-content\/uploads\/2017\/08\/victor-estrella-300x200.jpg\" alt=\"\" width=\"300\" height=\"200\" srcset=\"https:\/\/primermomento.com\/wp-content\/uploads\/2017\/08\/victor-estrella-300x200.jpg 300w, https:\/\/primermomento.com\/wp-content\/uploads\/2017\/08\/victor-estrella-73x50.jpg 73w, https:\/\/primermomento.com\/wp-content\/uploads\/2017\/08\/victor-estrella-500x333.jpg 500w, https:\/\/primermomento.com\/wp-content\/uploads\/2017\/08\/victor-estrella-280x186.jpg 280w, https:\/\/primermomento.com\/wp-content\/uploads\/2017\/08\/victor-estrella-60x40.jpg 60w, https:\/\/primermomento.com\/wp-content\/uploads\/2017\/08\/victor-estrella-638x425.jpg 638w, https:\/\/primermomento.com\/wp-content\/uploads\/2017\/08\/victor-estrella-118x79.jpg 118w, https:\/\/primermomento.com\/wp-content\/uploads\/2017\/08\/victor-estrella-479x319.jpg 479w, https:\/\/primermomento.com\/wp-content\/uploads\/2017\/08\/victor-estrella.jpg 748w\" sizes=\"auto, (max-width: 300px) 100vw, 300px\" \/><figcaption id=\"caption-attachment-293174\" class=\"wp-caption-text\">Victor Estrella.<\/figcaption><\/figure>\n<p>Luego de su destacada actuaci\u00f3n en el reci\u00e9n finalizado Challenger de Santo Domingo donde se llev\u00f3 todos los lauros, Estrella ratific\u00f3 que estar\u00e1 al frente de su equipo en el enfrentamiento con el pa\u00eds suramericano en suelo dominicano.<\/p>\n<p>En esa oportunidad, los de casa intentar\u00e1n permanecer en la \u00e9lite del continente luego de que perdieran con Chile en febrero pasado durante la primera ronda.<\/p>\n<p>El destacado jugador al ganar el Challenger Milex Open, escal\u00f3 al puesto 90 en la clasificaci\u00f3n mundial de la Asociaci\u00f3n de Tenistas Profesionales (ATP).<\/p><\/div>\n<div><\/div>\n<div style=\"text-align: right;\"><em><span style=\"color: #ff0000;\">PL<\/span><\/em><\/div>\n","protected":false},"excerpt":{"rendered":"<p>SANTO DOMINGO, Rep\u00fablica Dominicana.- El tenista Victor Estrella ser\u00e1 la primera raqueta de su pa\u00eds en el enfrentamiento que sostendr\u00e1 en el mes de septiembre Rep\u00fablica Dominicana contra Per\u00fa en la Copa Davis, informaron hoy medios de prensa. Luego de su destacada actuaci\u00f3n en el reci\u00e9n finalizado Challenger de Santo Domingo donde se llev\u00f3 todos [&hellip;]<\/p>\n","protected":false},"author":1,"featured_media":0,"comment_status":"open","ping_status":"open","sticky":false,"template":"","format":"standard","meta":{"_bbp_topic_count":0,"_bbp_reply_count":0,"_bbp_total_topic_count":0,"_bbp_total_reply_count":0,"_bbp_voice_count":0,"_bbp_anonymous_reply_count":0,"_bbp_topic_count_hidden":0,"_bbp_reply_count_hidden":0,"_bbp_forum_subforum_count":0,"footnotes":""},"categories":[42,60],"tags":[],"class_list":{"0":"post-293173","1":"post","2":"type-post","3":"status-publish","4":"format-standard","6":"category-deportes","7":"category-titulares-del-dia"},"_links":{"self":[{"href":"https:\/\/primermomento.com\/index.php?rest_route=\/wp\/v2\/posts\/293173","targetHints":{"allow":["GET"]}}],"collection":[{"href":"https:\/\/primermomento.com\/index.php?rest_route=\/wp\/v2\/posts"}],"about":[{"href":"https:\/\/primermomento.com\/index.php?rest_route=\/wp\/v2\/types\/post"}],"author":[{"embeddable":true,"href":"https:\/\/primermomento.com\/index.php?rest_route=\/wp\/v2\/users\/1"}],"replies":[{"embeddable":true,"href":"https:\/\/primermomento.com\/index.php?rest_route=%2Fwp%2Fv2%2Fcomments&post=293173"}],"version-history":[{"count":0,"href":"https:\/\/primermomento.com\/index.php?rest_route=\/wp\/v2\/posts\/293173\/revisions"}],"wp:attachment":[{"href":"https:\/\/primermomento.com\/index.php?rest_route=%2Fwp%2Fv2%2Fmedia&parent=293173"}],"wp:term":[{"taxonomy":"category","embeddable":true,"href":"https:\/\/primermomento.com\/index.php?rest_route=%2Fwp%2Fv2%2Fcategories&post=293173"},{"taxonomy":"post_tag","embeddable":true,"href":"https:\/\/primermomento.com\/index.php?rest_route=%2Fwp%2Fv2%2Ftags&post=293173"}],"curies":[{"name":"wp","href":"https:\/\/api.w.org\/{rel}","templated":true}]}}