{"id":293316,"date":"2017-08-27T05:16:51","date_gmt":"2017-08-27T09:16:51","guid":{"rendered":"http:\/\/primermomento.com\/?p=293316"},"modified":"2017-08-27T10:21:02","modified_gmt":"2017-08-27T14:21:02","slug":"floyd-mayweather-jr-gano-la-pelea-del-siglo-a-conor-mcgregor","status":"publish","type":"post","link":"https:\/\/primermomento.com\/?p=293316","title":{"rendered":"Floyd Mayweather Jr. gan\u00f3 la &#8216;pelea del siglo&#8217; a Conor McGregor"},"content":{"rendered":"<p>LAS VEGAS, Nevada.- El campe\u00f3n estadounidense de boxeo Floyd Mayweather Jr. gan\u00f3 este s\u00e1bado por nocaut t\u00e9cnico la denominada &#8216;pelea del siglo&#8217; contra el campe\u00f3n irland\u00e9s de artes marciales mixtas Conor McGregor, llevada a cabo en el T-Mobile Arena de Las Vegas.<\/p>\n<p><img loading=\"lazy\" decoding=\"async\" class=\"size-medium wp-image-293317 alignleft\" src=\"http:\/\/primermomento.com\/wp-content\/uploads\/2017\/08\/Floyd-Mayweather-Jr.-300x169.jpg\" alt=\"\" width=\"300\" height=\"169\" srcset=\"https:\/\/primermomento.com\/wp-content\/uploads\/2017\/08\/Floyd-Mayweather-Jr.-300x169.jpg 300w, https:\/\/primermomento.com\/wp-content\/uploads\/2017\/08\/Floyd-Mayweather-Jr.-768x433.jpg 768w, https:\/\/primermomento.com\/wp-content\/uploads\/2017\/08\/Floyd-Mayweather-Jr.-478x270.jpg 478w, https:\/\/primermomento.com\/wp-content\/uploads\/2017\/08\/Floyd-Mayweather-Jr.-500x282.jpg 500w, https:\/\/primermomento.com\/wp-content\/uploads\/2017\/08\/Floyd-Mayweather-Jr.-280x158.jpg 280w, https:\/\/primermomento.com\/wp-content\/uploads\/2017\/08\/Floyd-Mayweather-Jr.-638x360.jpg 638w, https:\/\/primermomento.com\/wp-content\/uploads\/2017\/08\/Floyd-Mayweather-Jr.-118x67.jpg 118w, https:\/\/primermomento.com\/wp-content\/uploads\/2017\/08\/Floyd-Mayweather-Jr.-479x270.jpg 479w, https:\/\/primermomento.com\/wp-content\/uploads\/2017\/08\/Floyd-Mayweather-Jr..jpg 940w\" sizes=\"auto, (max-width: 300px) 100vw, 300px\" \/>Los primeros cuatro asaltos mostraron a un McGregor muy s\u00f3lido, que trataba de impactar la humanidad de Mayweather Jr., pero el campe\u00f3n invicto no resisti\u00f3 el embate del monarca de la UFC (Ultimate Fight Championship).<\/p>\n<p>A partir del quinto asalto, McGregor baj\u00f3 la guardia y el de Grand Rapids (Michigan) se le fue encima, con ganas de provocar un nocaut que acabara la pelea de forma r\u00e1pida. El sexto asalto fue todo para el estadounidense, quien provoc\u00f3 que en m\u00e1s de una ocasi\u00f3n arranc\u00f3 las ovaciones del p\u00fablico del ringside del T-Mobile Arena.<\/p>\n<p>En el octavo ya se le vio muy cansado a McGregor, quien comenz\u00f3 a respirar por la boca, mientras Mayweather Jr. andaba muy fresco por el ring.<\/p>\n<p>McGregor pr\u00e1cticamente sobrevivi\u00f3 al noveno round, se le vio muy mal por los golpes de Mayweather Jr. y estuvo a punto de caer.<\/p>\n<p>En el d\u00e9cimo round, McGregor no pudo m\u00e1s. En el 1:54, el \u00e1rbitro de la pelea, Robert Byrd, par\u00f3 el combate, con un irland\u00e9s ya muy desecho por los embates del campe\u00f3n box\u00edstico.<\/p>\n<p style=\"text-align: right;\"><span style=\"color: #ff0000;\"><em>CNN<\/em><\/span><\/p>\n<p>&nbsp;<\/p>\n","protected":false},"excerpt":{"rendered":"<p>LAS VEGAS, Nevada.- El campe\u00f3n estadounidense de boxeo Floyd Mayweather Jr. gan\u00f3 este s\u00e1bado por nocaut t\u00e9cnico la denominada &#8216;pelea del siglo&#8217; contra el campe\u00f3n irland\u00e9s de artes marciales mixtas Conor McGregor, llevada a cabo en el T-Mobile Arena de Las Vegas. Los primeros cuatro asaltos mostraron a un McGregor muy s\u00f3lido, que trataba de [&hellip;]<\/p>\n","protected":false},"author":1,"featured_media":0,"comment_status":"open","ping_status":"open","sticky":false,"template":"","format":"standard","meta":{"_bbp_topic_count":0,"_bbp_reply_count":0,"_bbp_total_topic_count":0,"_bbp_total_reply_count":0,"_bbp_voice_count":0,"_bbp_anonymous_reply_count":0,"_bbp_topic_count_hidden":0,"_bbp_reply_count_hidden":0,"_bbp_forum_subforum_count":0,"footnotes":""},"categories":[42,60],"tags":[],"class_list":{"0":"post-293316","1":"post","2":"type-post","3":"status-publish","4":"format-standard","6":"category-deportes","7":"category-titulares-del-dia"},"_links":{"self":[{"href":"https:\/\/primermomento.com\/index.php?rest_route=\/wp\/v2\/posts\/293316","targetHints":{"allow":["GET"]}}],"collection":[{"href":"https:\/\/primermomento.com\/index.php?rest_route=\/wp\/v2\/posts"}],"about":[{"href":"https:\/\/primermomento.com\/index.php?rest_route=\/wp\/v2\/types\/post"}],"author":[{"embeddable":true,"href":"https:\/\/primermomento.com\/index.php?rest_route=\/wp\/v2\/users\/1"}],"replies":[{"embeddable":true,"href":"https:\/\/primermomento.com\/index.php?rest_route=%2Fwp%2Fv2%2Fcomments&post=293316"}],"version-history":[{"count":0,"href":"https:\/\/primermomento.com\/index.php?rest_route=\/wp\/v2\/posts\/293316\/revisions"}],"wp:attachment":[{"href":"https:\/\/primermomento.com\/index.php?rest_route=%2Fwp%2Fv2%2Fmedia&parent=293316"}],"wp:term":[{"taxonomy":"category","embeddable":true,"href":"https:\/\/primermomento.com\/index.php?rest_route=%2Fwp%2Fv2%2Fcategories&post=293316"},{"taxonomy":"post_tag","embeddable":true,"href":"https:\/\/primermomento.com\/index.php?rest_route=%2Fwp%2Fv2%2Ftags&post=293316"}],"curies":[{"name":"wp","href":"https:\/\/api.w.org\/{rel}","templated":true}]}}