{"id":293349,"date":"2017-08-28T11:05:52","date_gmt":"2017-08-28T15:05:52","guid":{"rendered":"http:\/\/primermomento.com\/?p=293349"},"modified":"2017-08-28T11:05:52","modified_gmt":"2017-08-28T15:05:52","slug":"gasto-publico-dominicano-similar-al-del-pasado-ano","status":"publish","type":"post","link":"https:\/\/primermomento.com\/?p=293349","title":{"rendered":"Gasto p\u00fablico dominicano similar al del pasado a\u00f1o"},"content":{"rendered":"<div class=\"fullNewsIntrotext\">SANTO DOMINGO, Rep\u00fablica Dominicana.- El gasto p\u00fablico de la Rep\u00fablica Dominicana, mantuvo durante los primeros siete meses de 2017 similar nivel al del pasado a\u00f1o, informaron hoy medios de prensa.<\/div>\n<div><\/div>\n<div class=\"fullNewsFulltext\"><img loading=\"lazy\" decoding=\"async\" class=\"size-medium wp-image-287351 alignleft\" src=\"http:\/\/primermomento.com\/wp-content\/uploads\/2017\/02\/palacio-presidencial-dominicano-300x199.jpg\" alt=\"\" width=\"300\" height=\"199\" srcset=\"https:\/\/primermomento.com\/wp-content\/uploads\/2017\/02\/palacio-presidencial-dominicano-300x199.jpg 300w, https:\/\/primermomento.com\/wp-content\/uploads\/2017\/02\/palacio-presidencial-dominicano-768x510.jpg 768w, https:\/\/primermomento.com\/wp-content\/uploads\/2017\/02\/palacio-presidencial-dominicano.jpg 1024w, https:\/\/primermomento.com\/wp-content\/uploads\/2017\/02\/palacio-presidencial-dominicano-500x332.jpg 500w, https:\/\/primermomento.com\/wp-content\/uploads\/2017\/02\/palacio-presidencial-dominicano-280x186.jpg 280w, https:\/\/primermomento.com\/wp-content\/uploads\/2017\/02\/palacio-presidencial-dominicano-60x40.jpg 60w, https:\/\/primermomento.com\/wp-content\/uploads\/2017\/02\/palacio-presidencial-dominicano-638x424.jpg 638w, https:\/\/primermomento.com\/wp-content\/uploads\/2017\/02\/palacio-presidencial-dominicano-118x78.jpg 118w, https:\/\/primermomento.com\/wp-content\/uploads\/2017\/02\/palacio-presidencial-dominicano-479x318.jpg 479w, https:\/\/primermomento.com\/wp-content\/uploads\/2017\/02\/palacio-presidencial-dominicano-153x100.jpg 153w\" sizes=\"auto, (max-width: 300px) 100vw, 300px\" \/>La Direcci\u00f3n General de Presupuesto divulg\u00f3 que entre enero y julio de este a\u00f1o, los egresos del sector p\u00fablico crecieron en tan solo un 0,52 por ciento.<\/p>\n<p>Ese ligero incremento ocurri\u00f3 debido al elevado crecimiento en dos de los renglones que conforman los gastos de consumo, las remuneraciones de los trabajadores estatales y al pago de bienes y servicios, los cuales aumentaron en un 5,6 por ciento y 40,3 respectivamente.<\/p>\n<p>Sin embargo, los pagos por deuda tuvieron un crecimiento de un 6.6 por ciento, superior al 2016 .<\/p>\n<p>De acuerdo con los datos publicados, en los primeros meses se destin\u00f3 un 15,3 por ciento del gasto p\u00fablico al pago de la mencionada deuda, superior al pasado a\u00f1o donde solo fue de un 14,5.<\/p><\/div>\n<div><\/div>\n<div style=\"text-align: right;\"><span style=\"color: #ff0000;\"><em>PL<\/em><\/span><\/div>\n","protected":false},"excerpt":{"rendered":"<p>SANTO DOMINGO, Rep\u00fablica Dominicana.- El gasto p\u00fablico de la Rep\u00fablica Dominicana, mantuvo durante los primeros siete meses de 2017 similar nivel al del pasado a\u00f1o, informaron hoy medios de prensa. La Direcci\u00f3n General de Presupuesto divulg\u00f3 que entre enero y julio de este a\u00f1o, los egresos del sector p\u00fablico crecieron en tan solo un 0,52 [&hellip;]<\/p>\n","protected":false},"author":1,"featured_media":0,"comment_status":"open","ping_status":"open","sticky":false,"template":"","format":"standard","meta":{"_bbp_topic_count":0,"_bbp_reply_count":0,"_bbp_total_topic_count":0,"_bbp_total_reply_count":0,"_bbp_voice_count":0,"_bbp_anonymous_reply_count":0,"_bbp_topic_count_hidden":0,"_bbp_reply_count_hidden":0,"_bbp_forum_subforum_count":0,"footnotes":""},"categories":[35,60],"tags":[],"class_list":{"0":"post-293349","1":"post","2":"type-post","3":"status-publish","4":"format-standard","6":"category-economia","7":"category-titulares-del-dia"},"_links":{"self":[{"href":"https:\/\/primermomento.com\/index.php?rest_route=\/wp\/v2\/posts\/293349","targetHints":{"allow":["GET"]}}],"collection":[{"href":"https:\/\/primermomento.com\/index.php?rest_route=\/wp\/v2\/posts"}],"about":[{"href":"https:\/\/primermomento.com\/index.php?rest_route=\/wp\/v2\/types\/post"}],"author":[{"embeddable":true,"href":"https:\/\/primermomento.com\/index.php?rest_route=\/wp\/v2\/users\/1"}],"replies":[{"embeddable":true,"href":"https:\/\/primermomento.com\/index.php?rest_route=%2Fwp%2Fv2%2Fcomments&post=293349"}],"version-history":[{"count":0,"href":"https:\/\/primermomento.com\/index.php?rest_route=\/wp\/v2\/posts\/293349\/revisions"}],"wp:attachment":[{"href":"https:\/\/primermomento.com\/index.php?rest_route=%2Fwp%2Fv2%2Fmedia&parent=293349"}],"wp:term":[{"taxonomy":"category","embeddable":true,"href":"https:\/\/primermomento.com\/index.php?rest_route=%2Fwp%2Fv2%2Fcategories&post=293349"},{"taxonomy":"post_tag","embeddable":true,"href":"https:\/\/primermomento.com\/index.php?rest_route=%2Fwp%2Fv2%2Ftags&post=293349"}],"curies":[{"name":"wp","href":"https:\/\/api.w.org\/{rel}","templated":true}]}}