{"id":293434,"date":"2017-08-30T08:23:34","date_gmt":"2017-08-30T12:23:34","guid":{"rendered":"http:\/\/primermomento.com\/?p=293434"},"modified":"2017-08-30T18:26:45","modified_gmt":"2017-08-30T22:26:45","slug":"trump-dice-reforma-tributaria-beneficia-a-empresas-y-trabajadores","status":"publish","type":"post","link":"https:\/\/primermomento.com\/?p=293434","title":{"rendered":"Trump dice reforma tributaria beneficia a empresas y trabajadores"},"content":{"rendered":"<div class=\"wsw\">\n<p>SPRINGFIELD, Missouri.- En un esfuerzo m\u00e1s por promover su iniciativa de reformar el sistema tributario de Estados Unidos, el presidente Donald Trump, indic\u00f3 que \u00abtraer\u00e1 de vuelta Main Street\u00bb y garantiz\u00f3 que su propuesta beneficiar\u00e1 tanto a las empresas como a los trabajadores.<\/p>\n<figure id=\"attachment_293435\" aria-describedby=\"caption-attachment-293435\" style=\"width: 300px\" class=\"wp-caption alignleft\"><img loading=\"lazy\" decoding=\"async\" class=\"size-medium wp-image-293435\" src=\"http:\/\/primermomento.com\/wp-content\/uploads\/2017\/08\/trump-y-reforma-tributaria-300x169.jpg\" alt=\"\" width=\"300\" height=\"169\" srcset=\"https:\/\/primermomento.com\/wp-content\/uploads\/2017\/08\/trump-y-reforma-tributaria-300x169.jpg 300w, https:\/\/primermomento.com\/wp-content\/uploads\/2017\/08\/trump-y-reforma-tributaria-768x432.jpg 768w, https:\/\/primermomento.com\/wp-content\/uploads\/2017\/08\/trump-y-reforma-tributaria-478x270.jpg 478w, https:\/\/primermomento.com\/wp-content\/uploads\/2017\/08\/trump-y-reforma-tributaria-500x281.jpg 500w, https:\/\/primermomento.com\/wp-content\/uploads\/2017\/08\/trump-y-reforma-tributaria-280x157.jpg 280w, https:\/\/primermomento.com\/wp-content\/uploads\/2017\/08\/trump-y-reforma-tributaria-638x359.jpg 638w, https:\/\/primermomento.com\/wp-content\/uploads\/2017\/08\/trump-y-reforma-tributaria-118x66.jpg 118w, https:\/\/primermomento.com\/wp-content\/uploads\/2017\/08\/trump-y-reforma-tributaria-479x269.jpg 479w, https:\/\/primermomento.com\/wp-content\/uploads\/2017\/08\/trump-y-reforma-tributaria.jpg 1023w\" sizes=\"auto, (max-width: 300px) 100vw, 300px\" \/><figcaption id=\"caption-attachment-293435\" class=\"wp-caption-text\">El presidente Donald Trump aprovech\u00f3 la oportunidad para hacer campa\u00f1a en contra de la senadora dem\u00f3crata que aspira a la reelecci\u00f3, pero que se opone a su reforma tributaria.<\/figcaption><\/figure>\n<p>Durante un discurso en una zona manufacturera en Springfield, Missouri, Trump garantiz\u00f3 que su propuesta ser\u00eda \u00abpro-crecimiento, pro-empleo, pro-obrero y pro-estadounidense\u00bb.<\/p>\n<p>\u00abSi queremos renovar nuestra prosperidad y restaurar la oportunidad, entonces debemos reducir la carga impositiva de nuestras empresas y de nuestros trabajadores\u00bb, dijo el presidente estadounidense.<\/p>\n<p>Trump eligi\u00f3 un centro de fabricaci\u00f3n en el medio oeste de EE.UU. para debutar su lanzamiento, una comunidad que es conocida como el lugar de nacimiento de la autopista \u00abruta 66\u00bb o <em>\u201cAmerica\u2019s Main Street\u201d<\/em>.<\/p>\n<p>Mientras que la Casa Blanca ha estado dise\u00f1ando un plan de impuestos destinado para convencer a los republicanos, Trump lanz\u00f3 un discurso en t\u00e9rminos bipartidistas, invitando a los miembros de ambas partes a trabajar con \u00e9l en la revisi\u00f3n. \u00ab Creo que el Congreso va a regresar \u00bb, dijo Trump.<\/p>\n<p>Un desaf\u00edo clave es presentar un plan de impuestos que incluya recortes para corporaciones como un impulso para la clase media. Los detalles del plan del presidente Trump se dar\u00edan a conocer posteriormente, dijeron personas cercanas a la discusi\u00f3n tributaria cuando los legisladores trabajen en el plan.<\/p>\n<p>Como se hab\u00eda previsto, el discurso de Trump tambi\u00e9n vino cargado con un tinte pol\u00edtico al hacer referencia a la senadora dem\u00f3crata de Missouri, Claire McCaskill, un objetivo republicano en las elecciones de mediano plazo del pr\u00f3ximo a\u00f1o.<\/p>\n<p>Trump dijo: \u00abNo tenemos otra opci\u00f3n, debemos bajar nuestros impuestos. Y su senadora, Claire McCaskill, debe hacer esto por usted. Y si ella no lo hace tienen que votar para que quede fuera del cargo \u00ab, dijo Trump.<\/p>\n<p>El acto se realiz\u00f3 en <em>Loren Cook Company<\/em>, que fabrica ventiladores, sistemas de escape para laboratorios y ventiladores de recuperaci\u00f3n de energ\u00eda.<\/p>\n<p>Despu\u00e9s de un a\u00f1o sin importantes victorias legislativas, es mucho lo que est\u00e1 en juego para la Casa Blanca y los l\u00edderes republicanos, que enfrentan presi\u00f3n para obtener logros antes de la elecci\u00f3n de medio periodo el a\u00f1o pr\u00f3ximo.<\/p>\n<p>Lo que podr\u00eda complicar el asunto es que la propuesta sobre impuestos llega en medio de una intensa carga de trabajo para el Congreso en septiembre, que debe actuar antes de fines de mes para aumentar el l\u00edmite de deuda, al igual que aprobar gastos de emergencia para el desastre causado por el hurac\u00e1n Harvey.<\/p>\n<p>El domingo, en Twitter el presidente Trump hizo un anticipo de su viaje a Missouri llam\u00e1ndolo un \u201chermoso estado\u201d. Indic\u00f3 que la senadora dem\u00f3crata por Missouri Claire McCaskill, que el a\u00f1o pr\u00f3ximo se postular\u00e1 a la reelecci\u00f3n, \u201cse opone a grandes recortes de impuestos\u201d y que un \u201drepublicano ganar\u00e1\u201d en Missouri.<\/p>\n<p style=\"text-align: right;\"><span style=\"color: #ff0000;\"><em>VOANEWS<\/em><\/span><\/p>\n<\/div>\n","protected":false},"excerpt":{"rendered":"<p>SPRINGFIELD, Missouri.- En un esfuerzo m\u00e1s por promover su iniciativa de reformar el sistema tributario de Estados Unidos, el presidente Donald Trump, indic\u00f3 que \u00abtraer\u00e1 de vuelta Main Street\u00bb y garantiz\u00f3 que su propuesta beneficiar\u00e1 tanto a las empresas como a los trabajadores. Durante un discurso en una zona manufacturera en Springfield, Missouri, Trump garantiz\u00f3 [&hellip;]<\/p>\n","protected":false},"author":1,"featured_media":0,"comment_status":"open","ping_status":"open","sticky":false,"template":"","format":"standard","meta":{"_bbp_topic_count":0,"_bbp_reply_count":0,"_bbp_total_topic_count":0,"_bbp_total_reply_count":0,"_bbp_voice_count":0,"_bbp_anonymous_reply_count":0,"_bbp_topic_count_hidden":0,"_bbp_reply_count_hidden":0,"_bbp_forum_subforum_count":0,"footnotes":""},"categories":[35,60],"tags":[],"class_list":{"0":"post-293434","1":"post","2":"type-post","3":"status-publish","4":"format-standard","6":"category-economia","7":"category-titulares-del-dia"},"_links":{"self":[{"href":"https:\/\/primermomento.com\/index.php?rest_route=\/wp\/v2\/posts\/293434","targetHints":{"allow":["GET"]}}],"collection":[{"href":"https:\/\/primermomento.com\/index.php?rest_route=\/wp\/v2\/posts"}],"about":[{"href":"https:\/\/primermomento.com\/index.php?rest_route=\/wp\/v2\/types\/post"}],"author":[{"embeddable":true,"href":"https:\/\/primermomento.com\/index.php?rest_route=\/wp\/v2\/users\/1"}],"replies":[{"embeddable":true,"href":"https:\/\/primermomento.com\/index.php?rest_route=%2Fwp%2Fv2%2Fcomments&post=293434"}],"version-history":[{"count":0,"href":"https:\/\/primermomento.com\/index.php?rest_route=\/wp\/v2\/posts\/293434\/revisions"}],"wp:attachment":[{"href":"https:\/\/primermomento.com\/index.php?rest_route=%2Fwp%2Fv2%2Fmedia&parent=293434"}],"wp:term":[{"taxonomy":"category","embeddable":true,"href":"https:\/\/primermomento.com\/index.php?rest_route=%2Fwp%2Fv2%2Fcategories&post=293434"},{"taxonomy":"post_tag","embeddable":true,"href":"https:\/\/primermomento.com\/index.php?rest_route=%2Fwp%2Fv2%2Ftags&post=293434"}],"curies":[{"name":"wp","href":"https:\/\/api.w.org\/{rel}","templated":true}]}}