{"id":293639,"date":"2017-09-05T07:30:02","date_gmt":"2017-09-05T11:30:02","guid":{"rendered":"http:\/\/primermomento.com\/?p=293639"},"modified":"2017-09-05T21:34:49","modified_gmt":"2017-09-06T01:34:49","slug":"unicef-en-alerta-ante-inminente-impacto-de-irma-en-el-caribe","status":"publish","type":"post","link":"https:\/\/primermomento.com\/?p=293639","title":{"rendered":"Unicef en alerta ante inminente impacto de Irma en el Caribe"},"content":{"rendered":"<div class=\"fullNewsIntrotext\">NACIONES UNIDAS, Nueva York.- El Fondo de las Naciones Unidas para la Infancia (Unicef) se\u00f1al\u00f3 hoy que en coordinaci\u00f3n con las autoridades nacionales crea condiciones en el Caribe para atender a ni\u00f1os y sus familiares que pudieran sufrir el impacto del hurac\u00e1n Irma.<\/div>\n<div><\/div>\n<div class=\"fullNewsFulltext\"><img loading=\"lazy\" decoding=\"async\" class=\"size-medium wp-image-293640 alignleft\" src=\"http:\/\/primermomento.com\/wp-content\/uploads\/2017\/09\/unicef-y-ninos-300x169.jpg\" alt=\"\" width=\"300\" height=\"169\" srcset=\"https:\/\/primermomento.com\/wp-content\/uploads\/2017\/09\/unicef-y-ninos-300x169.jpg 300w, https:\/\/primermomento.com\/wp-content\/uploads\/2017\/09\/unicef-y-ninos-478x270.jpg 478w, https:\/\/primermomento.com\/wp-content\/uploads\/2017\/09\/unicef-y-ninos-500x282.jpg 500w, https:\/\/primermomento.com\/wp-content\/uploads\/2017\/09\/unicef-y-ninos-280x158.jpg 280w, https:\/\/primermomento.com\/wp-content\/uploads\/2017\/09\/unicef-y-ninos-118x67.jpg 118w, https:\/\/primermomento.com\/wp-content\/uploads\/2017\/09\/unicef-y-ninos-479x270.jpg 479w, https:\/\/primermomento.com\/wp-content\/uploads\/2017\/09\/unicef-y-ninos.jpg 580w\" sizes=\"auto, (max-width: 300px) 100vw, 300px\" \/>Seg\u00fan una declaraci\u00f3n de la agencia especializada, su mayor preocupaci\u00f3n es garantizar el suministro de agua potable y alimentos, as\u00ed como salud y protecci\u00f3n a los menores de edad en las zonas m\u00e1s vulnerables al meteoro, que ya alcanz\u00f3 la categor\u00eda 5 en la escala de Saffir-Simpson.<\/p>\n<p>Parece que el hurac\u00e1n golpear\u00e1 con sus fuertes vientos, que rondan los 300 kil\u00f3metros por hora, en poco tiempo a Antigua y Barbuda, Dominica, San Mart\u00edn, San Crist\u00f3bal y Nieves y las Islas V\u00edrgenes, y posteriormente a Rep\u00fablica Dominicana, Hait\u00ed, Puerto Rico y Cuba, advirti\u00f3.<\/p>\n<p>De acuerdo con Unicef, aunque resulta dif\u00edcil predecir la magnitud del impacto de Irma y sus afectaciones, no hay dudas acerca de la necesidad de prepararse bien. Resultan clave la vigilancia y las acciones dirigidas a proteger a los m\u00e1s vulnerables, que son los ni\u00f1os, manifest\u00f3 la directora regional del Fondo, Marita Perceval.<\/p>\n<p>La agencia adelant\u00f3 que ubica en zonas estrat\u00e9gicas de los pa\u00edses caribe\u00f1os amenazados agua potable, alimentos imperecederos, medicinas y kits de emergencia, los cuales distribuir\u00eda en coordinaci\u00f3n con las autoridades locales.<\/p>\n<p>Asimismo, record\u00f3 que Irma se perfila como el fen\u00f3meno natural m\u00e1s peligroso para el Caribe este a\u00f1o, y en la actualidad supera en poder\u00edo al hurac\u00e1n Matthew, que azot\u00f3 en octubre pasado a regiones del sur de Hait\u00ed y Cuba.<\/p><\/div>\n<div><\/div>\n<div style=\"text-align: right;\"><span style=\"color: #ff0000;\"><em>PL<\/em><\/span><\/div>\n","protected":false},"excerpt":{"rendered":"<p>NACIONES UNIDAS, Nueva York.- El Fondo de las Naciones Unidas para la Infancia (Unicef) se\u00f1al\u00f3 hoy que en coordinaci\u00f3n con las autoridades nacionales crea condiciones en el Caribe para atender a ni\u00f1os y sus familiares que pudieran sufrir el impacto del hurac\u00e1n Irma. Seg\u00fan una declaraci\u00f3n de la agencia especializada, su mayor preocupaci\u00f3n es garantizar [&hellip;]<\/p>\n","protected":false},"author":1,"featured_media":0,"comment_status":"open","ping_status":"open","sticky":false,"template":"","format":"standard","meta":{"_bbp_topic_count":0,"_bbp_reply_count":0,"_bbp_total_topic_count":0,"_bbp_total_reply_count":0,"_bbp_voice_count":0,"_bbp_anonymous_reply_count":0,"_bbp_topic_count_hidden":0,"_bbp_reply_count_hidden":0,"_bbp_forum_subforum_count":0,"footnotes":""},"categories":[35],"tags":[],"class_list":{"0":"post-293639","1":"post","2":"type-post","3":"status-publish","4":"format-standard","6":"category-economia"},"_links":{"self":[{"href":"https:\/\/primermomento.com\/index.php?rest_route=\/wp\/v2\/posts\/293639","targetHints":{"allow":["GET"]}}],"collection":[{"href":"https:\/\/primermomento.com\/index.php?rest_route=\/wp\/v2\/posts"}],"about":[{"href":"https:\/\/primermomento.com\/index.php?rest_route=\/wp\/v2\/types\/post"}],"author":[{"embeddable":true,"href":"https:\/\/primermomento.com\/index.php?rest_route=\/wp\/v2\/users\/1"}],"replies":[{"embeddable":true,"href":"https:\/\/primermomento.com\/index.php?rest_route=%2Fwp%2Fv2%2Fcomments&post=293639"}],"version-history":[{"count":0,"href":"https:\/\/primermomento.com\/index.php?rest_route=\/wp\/v2\/posts\/293639\/revisions"}],"wp:attachment":[{"href":"https:\/\/primermomento.com\/index.php?rest_route=%2Fwp%2Fv2%2Fmedia&parent=293639"}],"wp:term":[{"taxonomy":"category","embeddable":true,"href":"https:\/\/primermomento.com\/index.php?rest_route=%2Fwp%2Fv2%2Fcategories&post=293639"},{"taxonomy":"post_tag","embeddable":true,"href":"https:\/\/primermomento.com\/index.php?rest_route=%2Fwp%2Fv2%2Ftags&post=293639"}],"curies":[{"name":"wp","href":"https:\/\/api.w.org\/{rel}","templated":true}]}}