{"id":293666,"date":"2017-09-06T20:20:51","date_gmt":"2017-09-07T00:20:51","guid":{"rendered":"http:\/\/primermomento.com\/?p=293666"},"modified":"2017-09-06T20:20:51","modified_gmt":"2017-09-07T00:20:51","slug":"trump-continua-promoviendo-su-plan-para-bajar-impuestos","status":"publish","type":"post","link":"https:\/\/primermomento.com\/?p=293666","title":{"rendered":"Trump contin\u00faa promoviendo su plan para bajar impuestos"},"content":{"rendered":"<p>WASHINGTON, Distrito de Columbia.- El presidente Donald Trump viaj\u00f3 hasta Dakota del Norte para seguir promoviendo su propuesta para reducir los impuestos corporativos e instar al Congreso que act\u00fae en la reforma fiscal.<\/p>\n<figure id=\"attachment_293667\" aria-describedby=\"caption-attachment-293667\" style=\"width: 300px\" class=\"wp-caption alignleft\"><img loading=\"lazy\" decoding=\"async\" class=\"size-medium wp-image-293667\" src=\"http:\/\/primermomento.com\/wp-content\/uploads\/2017\/09\/trump-y-los-impuestos-300x169.jpg\" alt=\"\" width=\"300\" height=\"169\" srcset=\"https:\/\/primermomento.com\/wp-content\/uploads\/2017\/09\/trump-y-los-impuestos-300x169.jpg 300w, https:\/\/primermomento.com\/wp-content\/uploads\/2017\/09\/trump-y-los-impuestos-768x432.jpg 768w, https:\/\/primermomento.com\/wp-content\/uploads\/2017\/09\/trump-y-los-impuestos-478x270.jpg 478w, https:\/\/primermomento.com\/wp-content\/uploads\/2017\/09\/trump-y-los-impuestos-500x281.jpg 500w, https:\/\/primermomento.com\/wp-content\/uploads\/2017\/09\/trump-y-los-impuestos-280x157.jpg 280w, https:\/\/primermomento.com\/wp-content\/uploads\/2017\/09\/trump-y-los-impuestos-638x359.jpg 638w, https:\/\/primermomento.com\/wp-content\/uploads\/2017\/09\/trump-y-los-impuestos-118x66.jpg 118w, https:\/\/primermomento.com\/wp-content\/uploads\/2017\/09\/trump-y-los-impuestos-479x269.jpg 479w, https:\/\/primermomento.com\/wp-content\/uploads\/2017\/09\/trump-y-los-impuestos.jpg 1023w\" sizes=\"auto, (max-width: 300px) 100vw, 300px\" \/><figcaption id=\"caption-attachment-293667\" class=\"wp-caption-text\">El presidente Donald Trump viaja hasta Dakota del Norte para impulsar su plan para modificar las leyes tributarias.<\/figcaption><\/figure>\n<p>Antes de dejar Washington, el presidente de Estados Unidos envi\u00f3 un tuit en el que escribi\u00f3 que Estados Unidos es el pa\u00eds con los impuestos m\u00e1s altos del mundo \u201cy que eso cambiar\u00e1\u201d.<\/p>\n<p>Trump se ha quejado antes sobre las cargas fiscales en Estados Unidos. Sin embargo, la carga fiscal total de Estados Unidos es en realidad una de las m\u00e1s bajas entre las 32 econom\u00edas de mercados emergentes desarrollados registradas por la Organizaci\u00f3n para la Cooperaci\u00f3n y el Desarrollo Econ\u00f3mico.<\/p>\n<p>Los impuestos representaron el 26,4 por ciento de la econom\u00eda total de EE.UU. en 2015, seg\u00fan la OCDE. Eso est\u00e1 muy por debajo de la carga impositiva de Dinamarca del 46,6 por ciento, el 32,5 por ciento de Gran Breta\u00f1a o el 36,9 por ciento de Alemania. S\u00f3lo cuatro pa\u00edses de la OCDE tuvieron una recaudaci\u00f3n fiscal menor que la estadounidense: Corea del Sur, Irlanda, Chile y M\u00e9xico.<\/p>\n<p>Al preguntar sobre el tuit del mi\u00e9rcoles, la consejera de la Casa Blanca, Kellyanne Conway, dijo: \u00abEl presidente probablemente est\u00e1 refiri\u00e9ndose al hecho de que en el mundo desarrollado tenemos la tasa m\u00e1s alta del impuesto corporativo\u00bb.<\/p>\n<p>Estados Unidos tiene una de las tasas m\u00e1s altas de impuestos corporativos en el mundo, pero, debido a las exenciones fiscales, muchas compa\u00f1\u00edas no pagan la tasa completa.<\/p>\n<p style=\"text-align: right;\"><em><span style=\"color: #ff0000;\">VOANEWS<\/span><\/em><\/p>\n<div class=\"Tweet-header u-cf\"><\/div>\n","protected":false},"excerpt":{"rendered":"<p>WASHINGTON, Distrito de Columbia.- El presidente Donald Trump viaj\u00f3 hasta Dakota del Norte para seguir promoviendo su propuesta para reducir los impuestos corporativos e instar al Congreso que act\u00fae en la reforma fiscal. Antes de dejar Washington, el presidente de Estados Unidos envi\u00f3 un tuit en el que escribi\u00f3 que Estados Unidos es el pa\u00eds [&hellip;]<\/p>\n","protected":false},"author":1,"featured_media":0,"comment_status":"open","ping_status":"open","sticky":false,"template":"","format":"standard","meta":{"_bbp_topic_count":0,"_bbp_reply_count":0,"_bbp_total_topic_count":0,"_bbp_total_reply_count":0,"_bbp_voice_count":0,"_bbp_anonymous_reply_count":0,"_bbp_topic_count_hidden":0,"_bbp_reply_count_hidden":0,"_bbp_forum_subforum_count":0,"footnotes":""},"categories":[35,60],"tags":[],"class_list":{"0":"post-293666","1":"post","2":"type-post","3":"status-publish","4":"format-standard","6":"category-economia","7":"category-titulares-del-dia"},"_links":{"self":[{"href":"https:\/\/primermomento.com\/index.php?rest_route=\/wp\/v2\/posts\/293666","targetHints":{"allow":["GET"]}}],"collection":[{"href":"https:\/\/primermomento.com\/index.php?rest_route=\/wp\/v2\/posts"}],"about":[{"href":"https:\/\/primermomento.com\/index.php?rest_route=\/wp\/v2\/types\/post"}],"author":[{"embeddable":true,"href":"https:\/\/primermomento.com\/index.php?rest_route=\/wp\/v2\/users\/1"}],"replies":[{"embeddable":true,"href":"https:\/\/primermomento.com\/index.php?rest_route=%2Fwp%2Fv2%2Fcomments&post=293666"}],"version-history":[{"count":0,"href":"https:\/\/primermomento.com\/index.php?rest_route=\/wp\/v2\/posts\/293666\/revisions"}],"wp:attachment":[{"href":"https:\/\/primermomento.com\/index.php?rest_route=%2Fwp%2Fv2%2Fmedia&parent=293666"}],"wp:term":[{"taxonomy":"category","embeddable":true,"href":"https:\/\/primermomento.com\/index.php?rest_route=%2Fwp%2Fv2%2Fcategories&post=293666"},{"taxonomy":"post_tag","embeddable":true,"href":"https:\/\/primermomento.com\/index.php?rest_route=%2Fwp%2Fv2%2Ftags&post=293666"}],"curies":[{"name":"wp","href":"https:\/\/api.w.org\/{rel}","templated":true}]}}