{"id":293938,"date":"2017-09-13T13:14:46","date_gmt":"2017-09-13T17:14:46","guid":{"rendered":"http:\/\/primermomento.com\/?p=293938"},"modified":"2017-09-13T16:17:29","modified_gmt":"2017-09-13T20:17:29","slug":"lider-republicano-anuncia-proyecto-sobre-reforma-tributaria","status":"publish","type":"post","link":"https:\/\/primermomento.com\/?p=293938","title":{"rendered":"L\u00edder republicano anuncia proyecto sobre reforma tributaria"},"content":{"rendered":"<div class=\"fullNewsIntrotext\">WASHINGTON, Distrito de Columbia.- El presidente de la C\u00e1mara de Representantes estadounidense, Paul Ryan, afirm\u00f3 hoy que la mayor\u00eda republicana en el Congreso divulgar\u00e1 en unas dos semanas el proyecto de ley sobre reforma tributaria a fin de iniciar su discusi\u00f3n.<\/div>\n<div><\/div>\n<div class=\"fullNewsFulltext\">\n<figure id=\"attachment_285594\" aria-describedby=\"caption-attachment-285594\" style=\"width: 300px\" class=\"wp-caption alignleft\"><img loading=\"lazy\" decoding=\"async\" class=\"size-medium wp-image-285594\" src=\"http:\/\/primermomento.com\/wp-content\/uploads\/2017\/01\/congreso-usa-300x169.jpg\" alt=\"\" width=\"300\" height=\"169\" srcset=\"https:\/\/primermomento.com\/wp-content\/uploads\/2017\/01\/congreso-usa-300x169.jpg 300w, https:\/\/primermomento.com\/wp-content\/uploads\/2017\/01\/congreso-usa-768x432.jpg 768w, https:\/\/primermomento.com\/wp-content\/uploads\/2017\/01\/congreso-usa-478x270.jpg 478w, https:\/\/primermomento.com\/wp-content\/uploads\/2017\/01\/congreso-usa-500x281.jpg 500w, https:\/\/primermomento.com\/wp-content\/uploads\/2017\/01\/congreso-usa-280x157.jpg 280w, https:\/\/primermomento.com\/wp-content\/uploads\/2017\/01\/congreso-usa-638x359.jpg 638w, https:\/\/primermomento.com\/wp-content\/uploads\/2017\/01\/congreso-usa-118x66.jpg 118w, https:\/\/primermomento.com\/wp-content\/uploads\/2017\/01\/congreso-usa-479x269.jpg 479w, https:\/\/primermomento.com\/wp-content\/uploads\/2017\/01\/congreso-usa.jpg 987w\" sizes=\"auto, (max-width: 300px) 100vw, 300px\" \/><figcaption id=\"caption-attachment-285594\" class=\"wp-caption-text\">El Congreso de Estados Unidos considera aplicar sanciones m\u00e1s estrictas a Rusia tras informe de inteligencia que indica que se entrometi\u00f3 en las elecciones de noviembre.<\/figcaption><\/figure>\n<p>Durante una reuni\u00f3n con miembros del partido rojo, el legislador por Wisconsin anunci\u00f3 el inicio del proceso para consensuar una reforma tributaria integral con recortes de impuestos para las familias de clase media, el cual debe concluir alrededor del 25 de septiembre.<\/p>\n<p>Luego, los comit\u00e9s legislativos encargados de analizar las medidas impositivas escuchar\u00e1n comentarios para conformar un proyecto de ley en las semanas siguientes, detall\u00f3 Ryan.<\/p>\n<p>Seg\u00fan el l\u00edder republicano, el documento reflejar\u00e1 el consenso de los comit\u00e9s de Medios y Servicios; as\u00ed como el de Servicios Financieros, junto con las opiniones de la administraci\u00f3n del presidente Donald Trump.<\/p>\n<p>Este es el comienzo de un proceso muy importante para lograr, por primera vez en una generaci\u00f3n, revisar nuestro sistema tributario y dar a las familias de clase media un merecido recorte, indic\u00f3.<\/p>\n<p>El gobierno de Trump ha estado presionando a los legisladores para que trabajen de manera bipartidista en el tema, y Ryan dijo este mi\u00e9rcoles que &#8216;amar\u00eda tener a los dem\u00f3cratas apoyando y trabajando con nosotros de una manera constructiva&#8217;.<\/p>\n<p>La semana pasada, el secretario del Tesoro, Steven Mnuchin, asegur\u00f3 a la cadena televisa Fox Business que la aprobaci\u00f3n este a\u00f1o de una reforma integral al c\u00f3digo tributario de Estados Unidos sigue siendo probable.<\/p>\n<p>Sin embargo, con anterioridad Ryan manifest\u00f3 que la meta del presidente Trump de reducir la tasa tributaria corporativa del 35 por ciento actual hasta un 15 por ciento ser\u00e1 dif\u00edcil de alcanzar.<\/p>\n<p>Seg\u00fan el presidente de la c\u00e1mara baja, su objetivo es disminuir la tasa corporativa hasta el promedio de los pa\u00edses industrializados, 22,5 por ciento, y consider\u00f3 que ese s\u00ed es un objetivo alcanzable.<\/p>\n<p>Este apartado ha sido fuente de gran pol\u00e9mica en el plan de los republicanos para reformar el c\u00f3digo tributario.<\/p>\n<p>De acuerdo con el portal The Hill, especializado en temas del Congreso, si los legisladores quieren bajar las tasas sin aumentar significativamente el d\u00e9ficit, tendr\u00e1n que encontrar formas de compensar las p\u00e9rdidas de ingresos.<\/p>\n<p>El alcance de esa legislaci\u00f3n es visto como la esperanza m\u00e1s cercana de Trump para alcanzar una victoria importante en el Congreso, donde no ha tenido ning\u00fan \u00e9xito de peso desde la confirmaci\u00f3n de Neil Gorsuch como juez de la Corte Suprema, en abril pasado.<\/p>\n<p>Trump calific\u00f3 el c\u00f3digo tributario nacional como una herida econ\u00f3mica gigantesca y autoinfligida.<\/p>\n<p>A inicios de mes, durante un mitin en la Refiner\u00eda Andeavor, de la ciudad de Mandan, Dakota del Norte, el ocupante de la Casa Blanca opin\u00f3 que ser\u00e1 la mayor reducci\u00f3n de impuestos en la historia del pa\u00eds. &#8216;Ver\u00e1n algo que nunca han visto&#8217;, sostuvo sin dar muchos detalles al respecto.<\/p>\n<p>Varias veces, el liderazgo dem\u00f3crata en el Capitolio ha indicado que no favorecer\u00e1 ninguna propuesta que recorte impuestos a los ricos.<\/p><\/div>\n<div><\/div>\n<div style=\"text-align: right;\"><span style=\"color: #ff0000;\"><em>PL<\/em><\/span><\/div>\n","protected":false},"excerpt":{"rendered":"<p>WASHINGTON, Distrito de Columbia.- El presidente de la C\u00e1mara de Representantes estadounidense, Paul Ryan, afirm\u00f3 hoy que la mayor\u00eda republicana en el Congreso divulgar\u00e1 en unas dos semanas el proyecto de ley sobre reforma tributaria a fin de iniciar su discusi\u00f3n. Durante una reuni\u00f3n con miembros del partido rojo, el legislador por Wisconsin anunci\u00f3 el [&hellip;]<\/p>\n","protected":false},"author":1,"featured_media":0,"comment_status":"open","ping_status":"open","sticky":false,"template":"","format":"standard","meta":{"_bbp_topic_count":0,"_bbp_reply_count":0,"_bbp_total_topic_count":0,"_bbp_total_reply_count":0,"_bbp_voice_count":0,"_bbp_anonymous_reply_count":0,"_bbp_topic_count_hidden":0,"_bbp_reply_count_hidden":0,"_bbp_forum_subforum_count":0,"footnotes":""},"categories":[35,60],"tags":[],"class_list":{"0":"post-293938","1":"post","2":"type-post","3":"status-publish","4":"format-standard","6":"category-economia","7":"category-titulares-del-dia"},"_links":{"self":[{"href":"https:\/\/primermomento.com\/index.php?rest_route=\/wp\/v2\/posts\/293938","targetHints":{"allow":["GET"]}}],"collection":[{"href":"https:\/\/primermomento.com\/index.php?rest_route=\/wp\/v2\/posts"}],"about":[{"href":"https:\/\/primermomento.com\/index.php?rest_route=\/wp\/v2\/types\/post"}],"author":[{"embeddable":true,"href":"https:\/\/primermomento.com\/index.php?rest_route=\/wp\/v2\/users\/1"}],"replies":[{"embeddable":true,"href":"https:\/\/primermomento.com\/index.php?rest_route=%2Fwp%2Fv2%2Fcomments&post=293938"}],"version-history":[{"count":0,"href":"https:\/\/primermomento.com\/index.php?rest_route=\/wp\/v2\/posts\/293938\/revisions"}],"wp:attachment":[{"href":"https:\/\/primermomento.com\/index.php?rest_route=%2Fwp%2Fv2%2Fmedia&parent=293938"}],"wp:term":[{"taxonomy":"category","embeddable":true,"href":"https:\/\/primermomento.com\/index.php?rest_route=%2Fwp%2Fv2%2Fcategories&post=293938"},{"taxonomy":"post_tag","embeddable":true,"href":"https:\/\/primermomento.com\/index.php?rest_route=%2Fwp%2Fv2%2Ftags&post=293938"}],"curies":[{"name":"wp","href":"https:\/\/api.w.org\/{rel}","templated":true}]}}