{"id":293981,"date":"2017-09-13T16:31:02","date_gmt":"2017-09-13T20:31:02","guid":{"rendered":"http:\/\/primermomento.com\/?p=293981"},"modified":"2017-09-13T17:33:23","modified_gmt":"2017-09-13T21:33:23","slug":"medias-rojas-anuncian-asociacion-a-largo-plazo-con-david-ortiz","status":"publish","type":"post","link":"https:\/\/primermomento.com\/?p=293981","title":{"rendered":"Medias Rojas anuncian asociaci\u00f3n a largo plazo con David Ortiz"},"content":{"rendered":"<div class=\"blurb\">\n<div class=\"default-styles\">\n<p>BOSTON, Massachusetts.- Los Medias Rojas han llegado a un acuerdo a largo plazo con el 10 veces convocado al Juego de Estrellas y tres veces campe\u00f3n de la Serie Mundial David Ortiz, firm\u00e1ndolo a un pacto sin precedente que debe de vincular al dominicano con la organizaci\u00f3n por siempre.<\/p>\n<p><img loading=\"lazy\" decoding=\"async\" class=\"size-medium wp-image-293982 alignleft\" src=\"http:\/\/primermomento.com\/wp-content\/uploads\/2017\/09\/david-ortiz-y-sociedad-con-boston-300x169.jpg\" alt=\"\" width=\"300\" height=\"169\" srcset=\"https:\/\/primermomento.com\/wp-content\/uploads\/2017\/09\/david-ortiz-y-sociedad-con-boston-300x169.jpg 300w, https:\/\/primermomento.com\/wp-content\/uploads\/2017\/09\/david-ortiz-y-sociedad-con-boston-768x432.jpg 768w, https:\/\/primermomento.com\/wp-content\/uploads\/2017\/09\/david-ortiz-y-sociedad-con-boston-1024x576.jpg 1024w, https:\/\/primermomento.com\/wp-content\/uploads\/2017\/09\/david-ortiz-y-sociedad-con-boston-478x270.jpg 478w, https:\/\/primermomento.com\/wp-content\/uploads\/2017\/09\/david-ortiz-y-sociedad-con-boston-500x281.jpg 500w, https:\/\/primermomento.com\/wp-content\/uploads\/2017\/09\/david-ortiz-y-sociedad-con-boston-280x158.jpg 280w, https:\/\/primermomento.com\/wp-content\/uploads\/2017\/09\/david-ortiz-y-sociedad-con-boston-638x359.jpg 638w, https:\/\/primermomento.com\/wp-content\/uploads\/2017\/09\/david-ortiz-y-sociedad-con-boston-118x66.jpg 118w, https:\/\/primermomento.com\/wp-content\/uploads\/2017\/09\/david-ortiz-y-sociedad-con-boston-479x269.jpg 479w, https:\/\/primermomento.com\/wp-content\/uploads\/2017\/09\/david-ortiz-y-sociedad-con-boston.jpg 1280w\" sizes=\"auto, (max-width: 300px) 100vw, 300px\" \/>En su nuevo rol, Ortiz fungir\u00e1 como mentor para jugadores del equipo, participar en esfuerzos por reclutar a otros, hacer presentaciones p\u00fablicas a nombre del club y trabajar en desarrollo de negocios para Fenway Sports Management y sus socios.<\/p>\n<\/div>\n<\/div>\n<div class=\"full-text\">\n<div class=\"default-styles\">\n<p>\u00abDurante m\u00e1s de d\u00e9cada y media, hemos llegado a saber la clase de hombre que es David dentro y fuera del terreno\u00bb, dijo el due\u00f1o principal de los Medias Rojas, John Henry. \u00abSu habilidad y \u00e9xitos en el diamante s\u00f3lo son superados por su esp\u00edritu, compasi\u00f3n y gran coraz\u00f3n. No puedo pensar en un mejor representante para nuestra organizaci\u00f3n. Estoy contento de poder decir de manera oficial lo que siempre hemos sabido: David es familia\u00bb.<\/p>\n<p>Ortiz, conocido como el bateador m\u00e1s grande bajo presi\u00f3n en la historia de los Medias Rojas, anunci\u00f3 sus planes de retiro como jugador activo el 18 de noviembre del 2015, su 40 cumplea\u00f1os. Jug\u00f3 su \u00faltimo partido el 10 de octubre del 2016, que fue el Juego 3 de la Serie Divisional contra los Indios. Despu\u00e9s de 14 temporadas con los Medias Rojas, el n\u00famero 34 de Ortiz fue retirado por el club el 23 de junio del 2017. Es el und\u00e9cimo n\u00famero retirado en la fachada del Fenway Park.<\/p>\n<p style=\"text-align: right;\"><span style=\"color: #ff0000;\">Boston Red Sox<\/span><\/p>\n<\/div>\n<\/div>\n","protected":false},"excerpt":{"rendered":"<p>BOSTON, Massachusetts.- Los Medias Rojas han llegado a un acuerdo a largo plazo con el 10 veces convocado al Juego de Estrellas y tres veces campe\u00f3n de la Serie Mundial David Ortiz, firm\u00e1ndolo a un pacto sin precedente que debe de vincular al dominicano con la organizaci\u00f3n por siempre. En su nuevo rol, Ortiz fungir\u00e1 [&hellip;]<\/p>\n","protected":false},"author":1,"featured_media":0,"comment_status":"open","ping_status":"open","sticky":false,"template":"","format":"standard","meta":{"_bbp_topic_count":0,"_bbp_reply_count":0,"_bbp_total_topic_count":0,"_bbp_total_reply_count":0,"_bbp_voice_count":0,"_bbp_anonymous_reply_count":0,"_bbp_topic_count_hidden":0,"_bbp_reply_count_hidden":0,"_bbp_forum_subforum_count":0,"footnotes":""},"categories":[42,60],"tags":[],"class_list":{"0":"post-293981","1":"post","2":"type-post","3":"status-publish","4":"format-standard","6":"category-deportes","7":"category-titulares-del-dia"},"_links":{"self":[{"href":"https:\/\/primermomento.com\/index.php?rest_route=\/wp\/v2\/posts\/293981","targetHints":{"allow":["GET"]}}],"collection":[{"href":"https:\/\/primermomento.com\/index.php?rest_route=\/wp\/v2\/posts"}],"about":[{"href":"https:\/\/primermomento.com\/index.php?rest_route=\/wp\/v2\/types\/post"}],"author":[{"embeddable":true,"href":"https:\/\/primermomento.com\/index.php?rest_route=\/wp\/v2\/users\/1"}],"replies":[{"embeddable":true,"href":"https:\/\/primermomento.com\/index.php?rest_route=%2Fwp%2Fv2%2Fcomments&post=293981"}],"version-history":[{"count":0,"href":"https:\/\/primermomento.com\/index.php?rest_route=\/wp\/v2\/posts\/293981\/revisions"}],"wp:attachment":[{"href":"https:\/\/primermomento.com\/index.php?rest_route=%2Fwp%2Fv2%2Fmedia&parent=293981"}],"wp:term":[{"taxonomy":"category","embeddable":true,"href":"https:\/\/primermomento.com\/index.php?rest_route=%2Fwp%2Fv2%2Fcategories&post=293981"},{"taxonomy":"post_tag","embeddable":true,"href":"https:\/\/primermomento.com\/index.php?rest_route=%2Fwp%2Fv2%2Ftags&post=293981"}],"curies":[{"name":"wp","href":"https:\/\/api.w.org\/{rel}","templated":true}]}}