{"id":294010,"date":"2017-09-14T15:27:07","date_gmt":"2017-09-14T19:27:07","guid":{"rendered":"http:\/\/primermomento.com\/?p=294010"},"modified":"2017-09-14T15:27:25","modified_gmt":"2017-09-14T19:27:25","slug":"camara-baja-de-eeuu-aprueba-paquete-de-gastos-para-2018","status":"publish","type":"post","link":"https:\/\/primermomento.com\/?p=294010","title":{"rendered":"C\u00e1mara baja de EEUU aprueba paquete de gastos para 2018"},"content":{"rendered":"<div class=\"fullNewsIntrotext\">WASHINGTON, Distrito de Columbia.- La C\u00e1mara estadounidense de Representantes aprob\u00f3 hoy un paquete de leyes de gastos por 1,2 billones de d\u00f3lares (millones de millones) para financiar el Gobierno durante el a\u00f1o fiscal 2018, el cual encontrar\u00e1 obst\u00e1culos en el Senado.<\/div>\n<div><\/div>\n<div class=\"fullNewsFulltext\">\n<p><img loading=\"lazy\" decoding=\"async\" class=\"size-medium wp-image-285422 alignleft\" src=\"http:\/\/primermomento.com\/wp-content\/uploads\/2017\/01\/congreso-eeuu3-300x200.jpg\" alt=\"\" width=\"300\" height=\"200\" srcset=\"https:\/\/primermomento.com\/wp-content\/uploads\/2017\/01\/congreso-eeuu3-300x200.jpg 300w, https:\/\/primermomento.com\/wp-content\/uploads\/2017\/01\/congreso-eeuu3-768x512.jpg 768w, https:\/\/primermomento.com\/wp-content\/uploads\/2017\/01\/congreso-eeuu3-73x50.jpg 73w, https:\/\/primermomento.com\/wp-content\/uploads\/2017\/01\/congreso-eeuu3-500x333.jpg 500w, https:\/\/primermomento.com\/wp-content\/uploads\/2017\/01\/congreso-eeuu3-280x187.jpg 280w, https:\/\/primermomento.com\/wp-content\/uploads\/2017\/01\/congreso-eeuu3-60x40.jpg 60w, https:\/\/primermomento.com\/wp-content\/uploads\/2017\/01\/congreso-eeuu3-638x425.jpg 638w, https:\/\/primermomento.com\/wp-content\/uploads\/2017\/01\/congreso-eeuu3-118x79.jpg 118w, https:\/\/primermomento.com\/wp-content\/uploads\/2017\/01\/congreso-eeuu3-479x319.jpg 479w, https:\/\/primermomento.com\/wp-content\/uploads\/2017\/01\/congreso-eeuu3.jpg 960w\" sizes=\"auto, (max-width: 300px) 100vw, 300px\" \/><\/p>\n<p>La medida destina 658 mil 100 millones de d\u00f3lares al Departamento de Defensa y 44 mil 300 millones al de Seguridad Nacional, al tiempo que incluye 1,6 mil millones para iniciar la construcci\u00f3n del pol\u00e9mico muro prometido por el presidente Donald Trump en la frontera con M\u00e9xico.<\/p>\n<p>Tal propuesta tambi\u00e9n aumenta los fondos de Asuntos de Veteranos y del Poder Legislativo, al tiempo que establece un 17 por ciento menos de financiaci\u00f3n para el Departamento de Estado en comparaci\u00f3n con los niveles actuales.<\/p>\n<p>El proyecto, que solo recibi\u00f3 el respaldo de un dem\u00f3crata, pas\u00f3 con 211 votos a favor y 198 en contra y refleja las prioridades de los republicanos, pero varios medios consideran que no tiene posibilidades de \u00e9xito en el Senado, donde se necesitar\u00eda el apoyo de al menos ocho miembros de la fuerza azul.<\/p>\n<p>Los l\u00edderes de la C\u00e1mara baja deben negociar un compromiso pol\u00edticamente viable con la alta, y, en particular, con los senadores dem\u00f3cratas que pueden bloquear las 12 legislaciones incluidas en el paquete durante los votos de procedimiento.<\/p>\n<p>Eso significa que la iniciativa no se convertir\u00e1 en ley para el comienzo del nuevo a\u00f1o fiscal el 1 de octubre y su discusi\u00f3n podr\u00eda prolongarse hasta diciembre.<\/p>\n<p>La semana pasada el Congreso aprob\u00f3 una revisi\u00f3n del gasto que permitir\u00e1 mantener la financiaci\u00f3n federal a los niveles actuales hasta el 8 de diciembre, cuando los l\u00edderes esperan haber alcanzado un acuerdo bicameral.<\/p>\n<p>A pesar de las horas invertidas por los representantes para completar el trabajo en los proyectos de gastos individuales, ninguna de las medidas debe obtener la consideraci\u00f3n en el Senado debido a la amenaza de un bloqueo dem\u00f3crata, indic\u00f3 el portal The Hill.<\/p>\n<p>La C\u00e1mara alta permanece significativamente detr\u00e1s de la baja en su proceso de asignaciones, pues no ha aprobado ninguna de sus propuestas de ley de gastos.<\/p>\n<p>Se considera que lo avalado hoy por los congresistas constituye una lista de deseos que ahora deber\u00e1n corregir los senadores con el fin de establecer las partidas reales para el pr\u00f3ximo a\u00f1o.<\/p>\n<\/div>\n<div><\/div>\n<div style=\"text-align: right;\"><span style=\"color: #ff0000;\"><em>PL<\/em><\/span><\/div>\n","protected":false},"excerpt":{"rendered":"<p>WASHINGTON, Distrito de Columbia.- La C\u00e1mara estadounidense de Representantes aprob\u00f3 hoy un paquete de leyes de gastos por 1,2 billones de d\u00f3lares (millones de millones) para financiar el Gobierno durante el a\u00f1o fiscal 2018, el cual encontrar\u00e1 obst\u00e1culos en el Senado. La medida destina 658 mil 100 millones de d\u00f3lares al Departamento de Defensa y [&hellip;]<\/p>\n","protected":false},"author":1,"featured_media":0,"comment_status":"open","ping_status":"open","sticky":false,"template":"","format":"standard","meta":{"_bbp_topic_count":0,"_bbp_reply_count":0,"_bbp_total_topic_count":0,"_bbp_total_reply_count":0,"_bbp_voice_count":0,"_bbp_anonymous_reply_count":0,"_bbp_topic_count_hidden":0,"_bbp_reply_count_hidden":0,"_bbp_forum_subforum_count":0,"footnotes":""},"categories":[35,60],"tags":[],"class_list":{"0":"post-294010","1":"post","2":"type-post","3":"status-publish","4":"format-standard","6":"category-economia","7":"category-titulares-del-dia"},"_links":{"self":[{"href":"https:\/\/primermomento.com\/index.php?rest_route=\/wp\/v2\/posts\/294010","targetHints":{"allow":["GET"]}}],"collection":[{"href":"https:\/\/primermomento.com\/index.php?rest_route=\/wp\/v2\/posts"}],"about":[{"href":"https:\/\/primermomento.com\/index.php?rest_route=\/wp\/v2\/types\/post"}],"author":[{"embeddable":true,"href":"https:\/\/primermomento.com\/index.php?rest_route=\/wp\/v2\/users\/1"}],"replies":[{"embeddable":true,"href":"https:\/\/primermomento.com\/index.php?rest_route=%2Fwp%2Fv2%2Fcomments&post=294010"}],"version-history":[{"count":0,"href":"https:\/\/primermomento.com\/index.php?rest_route=\/wp\/v2\/posts\/294010\/revisions"}],"wp:attachment":[{"href":"https:\/\/primermomento.com\/index.php?rest_route=%2Fwp%2Fv2%2Fmedia&parent=294010"}],"wp:term":[{"taxonomy":"category","embeddable":true,"href":"https:\/\/primermomento.com\/index.php?rest_route=%2Fwp%2Fv2%2Fcategories&post=294010"},{"taxonomy":"post_tag","embeddable":true,"href":"https:\/\/primermomento.com\/index.php?rest_route=%2Fwp%2Fv2%2Ftags&post=294010"}],"curies":[{"name":"wp","href":"https:\/\/api.w.org\/{rel}","templated":true}]}}