{"id":294056,"date":"2017-09-15T16:36:24","date_gmt":"2017-09-15T20:36:24","guid":{"rendered":"http:\/\/primermomento.com\/?p=294056"},"modified":"2017-09-15T16:36:24","modified_gmt":"2017-09-15T20:36:24","slug":"dominicana-busca-contar-con-un-sistema-electrico-competitivo","status":"publish","type":"post","link":"https:\/\/primermomento.com\/?p=294056","title":{"rendered":"Dominicana busca contar con un sistema el\u00e9ctrico competitivo"},"content":{"rendered":"<div class=\"fullNewsIntrotext\">SANTO DOMINGO, Rep\u00fablica Dominicana.- La Rep\u00fablica Dominicana busca contar con un sistema el\u00e9ctrico sostenible y competitivo para superar la brecha del subdesarrollo, se\u00f1alaron hoy funcionarios de esa esfera a medios de prensa.<\/div>\n<div><\/div>\n<div class=\"fullNewsFulltext\">\n<figure id=\"attachment_289363\" aria-describedby=\"caption-attachment-289363\" style=\"width: 300px\" class=\"wp-caption alignleft\"><img loading=\"lazy\" decoding=\"async\" class=\"size-medium wp-image-289363\" src=\"http:\/\/primermomento.com\/wp-content\/uploads\/2017\/04\/Antonio-Isa-Conde1-300x200.jpg\" alt=\"\" width=\"300\" height=\"200\" srcset=\"https:\/\/primermomento.com\/wp-content\/uploads\/2017\/04\/Antonio-Isa-Conde1-300x200.jpg 300w, https:\/\/primermomento.com\/wp-content\/uploads\/2017\/04\/Antonio-Isa-Conde1-73x50.jpg 73w, https:\/\/primermomento.com\/wp-content\/uploads\/2017\/04\/Antonio-Isa-Conde1-500x333.jpg 500w, https:\/\/primermomento.com\/wp-content\/uploads\/2017\/04\/Antonio-Isa-Conde1-280x186.jpg 280w, https:\/\/primermomento.com\/wp-content\/uploads\/2017\/04\/Antonio-Isa-Conde1-60x40.jpg 60w, https:\/\/primermomento.com\/wp-content\/uploads\/2017\/04\/Antonio-Isa-Conde1-638x425.jpg 638w, https:\/\/primermomento.com\/wp-content\/uploads\/2017\/04\/Antonio-Isa-Conde1-118x79.jpg 118w, https:\/\/primermomento.com\/wp-content\/uploads\/2017\/04\/Antonio-Isa-Conde1-479x319.jpg 479w, https:\/\/primermomento.com\/wp-content\/uploads\/2017\/04\/Antonio-Isa-Conde1.jpg 748w\" sizes=\"auto, (max-width: 300px) 100vw, 300px\" \/><figcaption id=\"caption-attachment-289363\" class=\"wp-caption-text\">Antonio Isa Conde.<\/figcaption><\/figure>\n<p>La discusi\u00f3n que se lleva a cabo en este pa\u00eds acerca de un acuerdo nacional conocido como Pacto El\u00e9ctrico, lleva mucho tiempo, pudo ser menos si el individualismo, la politiquer\u00eda y los necios, no estuvieran presentes en ese escenario, expres\u00f3 el ministro de Energ\u00eda y Minas, Antonio Isa Conde.<\/p>\n<p>Entrevistado por el List\u00edn Diario, agreg\u00f3: &#8216;los que dirigimos el pacto tenemos que tener la paciencia de escuchar a los sabios, o\u00edr a los necios y no perder la paciencia, y tratar de conjugar todos esos intereses, todo ese individualismo&#8217;.<\/p>\n<p>Junto a Isa Conde estuvo el presidente de la Asociaci\u00f3n de Industrias de la Rep\u00fablica Dominicana, Campos De Moya, quien dijo esperaba que el Pacto El\u00e9ctrico se firme en los pr\u00f3ximos d\u00edas.<\/p>\n<p>Asegur\u00f3 es el primer paso hacia una soluci\u00f3n integral al problema de la energ\u00eda el\u00e9ctrica, que ha tenido graves implicaciones en la vida social y econ\u00f3mica de la naci\u00f3n.<\/p>\n<p>Asimismo, indic\u00f3 que se han invertido numerosas horas en la b\u00fasqueda de consensos de muchas acciones calendarizadas para obtener aquello lo cual debimos haber alcanzado una vez se aprob\u00f3 la Ley General de Electricidad en el 2001.<\/p>\n<p>El Pacto Nacional para la Reforma del Sector El\u00e9ctrico, como oficialmente se llama, es un acuerdo de voluntades entre todos las fuerzas econ\u00f3micas, pol\u00edticas y sociales del pa\u00eds, con la finalidad de encontrar soluci\u00f3n definitiva a la problem\u00e1tica del sector.<\/p><\/div>\n<div><\/div>\n<div style=\"text-align: right;\"><span style=\"color: #ff0000;\"><em>PL<\/em><\/span><\/div>\n","protected":false},"excerpt":{"rendered":"<p>SANTO DOMINGO, Rep\u00fablica Dominicana.- La Rep\u00fablica Dominicana busca contar con un sistema el\u00e9ctrico sostenible y competitivo para superar la brecha del subdesarrollo, se\u00f1alaron hoy funcionarios de esa esfera a medios de prensa. La discusi\u00f3n que se lleva a cabo en este pa\u00eds acerca de un acuerdo nacional conocido como Pacto El\u00e9ctrico, lleva mucho tiempo, pudo [&hellip;]<\/p>\n","protected":false},"author":1,"featured_media":0,"comment_status":"open","ping_status":"open","sticky":false,"template":"","format":"standard","meta":{"_bbp_topic_count":0,"_bbp_reply_count":0,"_bbp_total_topic_count":0,"_bbp_total_reply_count":0,"_bbp_voice_count":0,"_bbp_anonymous_reply_count":0,"_bbp_topic_count_hidden":0,"_bbp_reply_count_hidden":0,"_bbp_forum_subforum_count":0,"footnotes":""},"categories":[35,60],"tags":[],"class_list":{"0":"post-294056","1":"post","2":"type-post","3":"status-publish","4":"format-standard","6":"category-economia","7":"category-titulares-del-dia"},"_links":{"self":[{"href":"https:\/\/primermomento.com\/index.php?rest_route=\/wp\/v2\/posts\/294056","targetHints":{"allow":["GET"]}}],"collection":[{"href":"https:\/\/primermomento.com\/index.php?rest_route=\/wp\/v2\/posts"}],"about":[{"href":"https:\/\/primermomento.com\/index.php?rest_route=\/wp\/v2\/types\/post"}],"author":[{"embeddable":true,"href":"https:\/\/primermomento.com\/index.php?rest_route=\/wp\/v2\/users\/1"}],"replies":[{"embeddable":true,"href":"https:\/\/primermomento.com\/index.php?rest_route=%2Fwp%2Fv2%2Fcomments&post=294056"}],"version-history":[{"count":0,"href":"https:\/\/primermomento.com\/index.php?rest_route=\/wp\/v2\/posts\/294056\/revisions"}],"wp:attachment":[{"href":"https:\/\/primermomento.com\/index.php?rest_route=%2Fwp%2Fv2%2Fmedia&parent=294056"}],"wp:term":[{"taxonomy":"category","embeddable":true,"href":"https:\/\/primermomento.com\/index.php?rest_route=%2Fwp%2Fv2%2Fcategories&post=294056"},{"taxonomy":"post_tag","embeddable":true,"href":"https:\/\/primermomento.com\/index.php?rest_route=%2Fwp%2Fv2%2Ftags&post=294056"}],"curies":[{"name":"wp","href":"https:\/\/api.w.org\/{rel}","templated":true}]}}