{"id":294088,"date":"2017-09-15T17:27:18","date_gmt":"2017-09-15T21:27:18","guid":{"rendered":"http:\/\/primermomento.com\/?p=294088"},"modified":"2017-09-15T17:27:18","modified_gmt":"2017-09-15T21:27:18","slug":"la-casa-blanca-expresa-condolencias-por-atentado-terrorista-en-londres","status":"publish","type":"post","link":"https:\/\/primermomento.com\/?p=294088","title":{"rendered":"La Casa Blanca expresa condolencias por atentado terrorista en Londres"},"content":{"rendered":"<div class=\"fullNewsIntrotext\">WASHINGTON, Distrito de Columbia.- El presidente estadounidense, Donald Trump, trasmiti\u00f3 hoy condolencias a la primera ministra de Reino Unido, Theresa May, por el atentado terrorista en el metro de Londres.<\/div>\n<div><\/div>\n<div class=\"fullNewsFulltext\"><img loading=\"lazy\" decoding=\"async\" class=\"size-medium wp-image-294089 alignleft\" src=\"http:\/\/primermomento.com\/wp-content\/uploads\/2017\/09\/atentado-metro-de-londres-300x180.jpg\" alt=\"\" width=\"300\" height=\"180\" srcset=\"https:\/\/primermomento.com\/wp-content\/uploads\/2017\/09\/atentado-metro-de-londres-300x180.jpg 300w, https:\/\/primermomento.com\/wp-content\/uploads\/2017\/09\/atentado-metro-de-londres-768x462.jpg 768w, https:\/\/primermomento.com\/wp-content\/uploads\/2017\/09\/atentado-metro-de-londres-110x66.jpg 110w, https:\/\/primermomento.com\/wp-content\/uploads\/2017\/09\/atentado-metro-de-londres-500x301.jpg 500w, https:\/\/primermomento.com\/wp-content\/uploads\/2017\/09\/atentado-metro-de-londres-280x168.jpg 280w, https:\/\/primermomento.com\/wp-content\/uploads\/2017\/09\/atentado-metro-de-londres-638x384.jpg 638w, https:\/\/primermomento.com\/wp-content\/uploads\/2017\/09\/atentado-metro-de-londres-118x71.jpg 118w, https:\/\/primermomento.com\/wp-content\/uploads\/2017\/09\/atentado-metro-de-londres-479x288.jpg 479w, https:\/\/primermomento.com\/wp-content\/uploads\/2017\/09\/atentado-metro-de-londres.jpg 770w\" sizes=\"auto, (max-width: 300px) 100vw, 300px\" \/>Seg\u00fan un comunicado de la Casa Blanca, durante una conversaci\u00f3n telef\u00f3nica, Trump prometi\u00f3 continuar una estrecha colaboraci\u00f3n con el pa\u00eds europeo para detener los ataques en todo el mundo contra civiles inocentes y combatir el extremismo.<\/p>\n<p>Reportes de prensa se refirieron a casi tres decenas de heridos en la tragedia de la estaci\u00f3n de Parsons Green por quemaduras o golpes sufridos cuando trataban de alejarse del lugar.<\/p>\n<p>Antes del di\u00e1logo con May, el gobernante estadounidense manifest\u00f3 en su cuenta personal de la red social Twitter que el ataque estuvo cargo de un terrorista fracasado. Estas son personas enfermas y dementes que estaban en la mira de Scotland Yard. Hay que ser proactivos!, apunt\u00f3 el jefe de Estado.<\/p>\n<p>Medios period\u00edsticos consideraron el comentario como un mensaje para la Polic\u00eda Metropolitana de la urbe y se preguntaron por qu\u00e9 Trump sugiri\u00f3 que las autoridades conoc\u00edan a los agresores cuando a\u00fan no estaba claro qui\u00e9nes eran los responsables del hecho.<\/p>\n<p>Especular sobre una investigaci\u00f3n en marcha no ayuda a nadie, expres\u00f3 May tras ser interrogada sobre las declaraciones de Trump.<\/p><\/div>\n<div><\/div>\n<div style=\"text-align: right;\"><em><span style=\"color: #ff0000;\">PL<\/span><\/em><\/div>\n","protected":false},"excerpt":{"rendered":"<p>WASHINGTON, Distrito de Columbia.- El presidente estadounidense, Donald Trump, trasmiti\u00f3 hoy condolencias a la primera ministra de Reino Unido, Theresa May, por el atentado terrorista en el metro de Londres. Seg\u00fan un comunicado de la Casa Blanca, durante una conversaci\u00f3n telef\u00f3nica, Trump prometi\u00f3 continuar una estrecha colaboraci\u00f3n con el pa\u00eds europeo para detener los ataques [&hellip;]<\/p>\n","protected":false},"author":1,"featured_media":0,"comment_status":"open","ping_status":"open","sticky":false,"template":"","format":"standard","meta":{"_bbp_topic_count":0,"_bbp_reply_count":0,"_bbp_total_topic_count":0,"_bbp_total_reply_count":0,"_bbp_voice_count":0,"_bbp_anonymous_reply_count":0,"_bbp_topic_count_hidden":0,"_bbp_reply_count_hidden":0,"_bbp_forum_subforum_count":0,"footnotes":""},"categories":[61],"tags":[],"class_list":{"0":"post-294088","1":"post","2":"type-post","3":"status-publish","4":"format-standard","6":"category-mundo"},"_links":{"self":[{"href":"https:\/\/primermomento.com\/index.php?rest_route=\/wp\/v2\/posts\/294088","targetHints":{"allow":["GET"]}}],"collection":[{"href":"https:\/\/primermomento.com\/index.php?rest_route=\/wp\/v2\/posts"}],"about":[{"href":"https:\/\/primermomento.com\/index.php?rest_route=\/wp\/v2\/types\/post"}],"author":[{"embeddable":true,"href":"https:\/\/primermomento.com\/index.php?rest_route=\/wp\/v2\/users\/1"}],"replies":[{"embeddable":true,"href":"https:\/\/primermomento.com\/index.php?rest_route=%2Fwp%2Fv2%2Fcomments&post=294088"}],"version-history":[{"count":0,"href":"https:\/\/primermomento.com\/index.php?rest_route=\/wp\/v2\/posts\/294088\/revisions"}],"wp:attachment":[{"href":"https:\/\/primermomento.com\/index.php?rest_route=%2Fwp%2Fv2%2Fmedia&parent=294088"}],"wp:term":[{"taxonomy":"category","embeddable":true,"href":"https:\/\/primermomento.com\/index.php?rest_route=%2Fwp%2Fv2%2Fcategories&post=294088"},{"taxonomy":"post_tag","embeddable":true,"href":"https:\/\/primermomento.com\/index.php?rest_route=%2Fwp%2Fv2%2Ftags&post=294088"}],"curies":[{"name":"wp","href":"https:\/\/api.w.org\/{rel}","templated":true}]}}