{"id":294178,"date":"2017-09-18T11:06:30","date_gmt":"2017-09-18T15:06:30","guid":{"rendered":"http:\/\/primermomento.com\/?p=294178"},"modified":"2017-09-18T20:17:19","modified_gmt":"2017-09-19T00:17:19","slug":"gobierno-rebaja-cifra-de-crecimiento-economico-para-2017","status":"publish","type":"post","link":"https:\/\/primermomento.com\/?p=294178","title":{"rendered":"Gobierno rebaja cifra de crecimiento econ\u00f3mico para 2017"},"content":{"rendered":"<div class=\"fullNewsIntrotext\">SANTO DOMINGO, Rep\u00fablica Dominicana.- El gobierno dominicano rebaj\u00f3 la cifra de crecimiento econ\u00f3mico prevista para 2017 y la llev\u00f3 a 4,75 por ciento, de 5,25 que era la esperada, informaron hoy fuentes oficiales.<\/div>\n<div><\/div>\n<div class=\"fullNewsFulltext\"><img loading=\"lazy\" decoding=\"async\" class=\"size-medium wp-image-279224 alignleft\" src=\"http:\/\/primermomento.com\/wp-content\/uploads\/2016\/07\/palacio-nacional-dominicano-300x170.jpg\" alt=\"\" width=\"300\" height=\"170\" srcset=\"https:\/\/primermomento.com\/wp-content\/uploads\/2016\/07\/palacio-nacional-dominicano-300x170.jpg 300w, https:\/\/primermomento.com\/wp-content\/uploads\/2016\/07\/palacio-nacional-dominicano-768x434.jpg 768w, https:\/\/primermomento.com\/wp-content\/uploads\/2016\/07\/palacio-nacional-dominicano-478x270.jpg 478w, https:\/\/primermomento.com\/wp-content\/uploads\/2016\/07\/palacio-nacional-dominicano-500x283.jpg 500w, https:\/\/primermomento.com\/wp-content\/uploads\/2016\/07\/palacio-nacional-dominicano-280x158.jpg 280w, https:\/\/primermomento.com\/wp-content\/uploads\/2016\/07\/palacio-nacional-dominicano-638x361.jpg 638w, https:\/\/primermomento.com\/wp-content\/uploads\/2016\/07\/palacio-nacional-dominicano-118x67.jpg 118w, https:\/\/primermomento.com\/wp-content\/uploads\/2016\/07\/palacio-nacional-dominicano-479x271.jpg 479w, https:\/\/primermomento.com\/wp-content\/uploads\/2016\/07\/palacio-nacional-dominicano.jpg 778w\" sizes=\"auto, (max-width: 300px) 100vw, 300px\" \/>De acuerdo con el Ministerio de Econom\u00eda y Planificaci\u00f3n, esta es la segunda ocasi\u00f3n en que se revisa el crecimiento en el a\u00f1o, pues se comenz\u00f3 con 5,5 por ciento la proyecci\u00f3n de crecimiento del Producto Interno Bruto (PIB).<\/p>\n<p>La informaci\u00f3n precisa que en la primera mitad del a\u00f1o el ritmo de crecimiento de la econom\u00eda dominicana sufri\u00f3 una fuerte desaceleraci\u00f3n, al situarse en cuatro por ciento, por ello el Gobierno decidi\u00f3 liberar en julio parte del encaje legal bancario con el objetivo de dinamizar la econom\u00eda en aras de cumplir con los planes programados.<\/p>\n<p>Economistas de este pa\u00eds alertaron acerca de que se requieren medidas adicionales para resolver la desaceleraci\u00f3n actual, las cuales pasan por acciones tendentes a reactivar la demanda interna.<\/p>\n<p>La disminuci\u00f3n en el crecimiento del PIB no es noticia agradable por las afectaciones que seguramente traer\u00e1, sobre todo para la poblaci\u00f3n, pero la realidad se impone.<\/p><\/div>\n<div><\/div>\n<div style=\"text-align: right;\"><span style=\"color: #ff0000;\"><em>PL<\/em><\/span><\/div>\n","protected":false},"excerpt":{"rendered":"<p>SANTO DOMINGO, Rep\u00fablica Dominicana.- El gobierno dominicano rebaj\u00f3 la cifra de crecimiento econ\u00f3mico prevista para 2017 y la llev\u00f3 a 4,75 por ciento, de 5,25 que era la esperada, informaron hoy fuentes oficiales. De acuerdo con el Ministerio de Econom\u00eda y Planificaci\u00f3n, esta es la segunda ocasi\u00f3n en que se revisa el crecimiento en el [&hellip;]<\/p>\n","protected":false},"author":1,"featured_media":0,"comment_status":"open","ping_status":"open","sticky":false,"template":"","format":"standard","meta":{"_bbp_topic_count":0,"_bbp_reply_count":0,"_bbp_total_topic_count":0,"_bbp_total_reply_count":0,"_bbp_voice_count":0,"_bbp_anonymous_reply_count":0,"_bbp_topic_count_hidden":0,"_bbp_reply_count_hidden":0,"_bbp_forum_subforum_count":0,"footnotes":""},"categories":[35,60],"tags":[],"class_list":{"0":"post-294178","1":"post","2":"type-post","3":"status-publish","4":"format-standard","6":"category-economia","7":"category-titulares-del-dia"},"_links":{"self":[{"href":"https:\/\/primermomento.com\/index.php?rest_route=\/wp\/v2\/posts\/294178","targetHints":{"allow":["GET"]}}],"collection":[{"href":"https:\/\/primermomento.com\/index.php?rest_route=\/wp\/v2\/posts"}],"about":[{"href":"https:\/\/primermomento.com\/index.php?rest_route=\/wp\/v2\/types\/post"}],"author":[{"embeddable":true,"href":"https:\/\/primermomento.com\/index.php?rest_route=\/wp\/v2\/users\/1"}],"replies":[{"embeddable":true,"href":"https:\/\/primermomento.com\/index.php?rest_route=%2Fwp%2Fv2%2Fcomments&post=294178"}],"version-history":[{"count":0,"href":"https:\/\/primermomento.com\/index.php?rest_route=\/wp\/v2\/posts\/294178\/revisions"}],"wp:attachment":[{"href":"https:\/\/primermomento.com\/index.php?rest_route=%2Fwp%2Fv2%2Fmedia&parent=294178"}],"wp:term":[{"taxonomy":"category","embeddable":true,"href":"https:\/\/primermomento.com\/index.php?rest_route=%2Fwp%2Fv2%2Fcategories&post=294178"},{"taxonomy":"post_tag","embeddable":true,"href":"https:\/\/primermomento.com\/index.php?rest_route=%2Fwp%2Fv2%2Ftags&post=294178"}],"curies":[{"name":"wp","href":"https:\/\/api.w.org\/{rel}","templated":true}]}}