{"id":294933,"date":"2017-10-10T14:49:34","date_gmt":"2017-10-10T18:49:34","guid":{"rendered":"http:\/\/primermomento.com\/?p=294933"},"modified":"2017-10-10T14:45:44","modified_gmt":"2017-10-10T18:45:44","slug":"pobreza-extrema-impera-en-frontera-dominico-haitiana","status":"publish","type":"post","link":"https:\/\/primermomento.com\/?p=294933","title":{"rendered":"Pobreza extrema impera en frontera dominico-haitiana"},"content":{"rendered":"<div class=\"fullNewsIntrotext\">SANTO DOMINGO, Rep\u00fablica Dominicana.- En la frontera dominico-haitiana impera una gran pobreza y la vida de sus pocos habitantes transcurre en medio de precariedades y carencias.<\/div>\n<div><\/div>\n<div class=\"fullNewsFulltext\"><img loading=\"lazy\" decoding=\"async\" class=\"size-medium wp-image-294934 alignleft\" src=\"http:\/\/primermomento.com\/wp-content\/uploads\/2017\/10\/pobreza1-300x200.jpg\" alt=\"\" width=\"300\" height=\"200\" srcset=\"https:\/\/primermomento.com\/wp-content\/uploads\/2017\/10\/pobreza1-300x200.jpg 300w, https:\/\/primermomento.com\/wp-content\/uploads\/2017\/10\/pobreza1-73x50.jpg 73w, https:\/\/primermomento.com\/wp-content\/uploads\/2017\/10\/pobreza1-500x333.jpg 500w, https:\/\/primermomento.com\/wp-content\/uploads\/2017\/10\/pobreza1-280x186.jpg 280w, https:\/\/primermomento.com\/wp-content\/uploads\/2017\/10\/pobreza1-60x40.jpg 60w, https:\/\/primermomento.com\/wp-content\/uploads\/2017\/10\/pobreza1-638x425.jpg 638w, https:\/\/primermomento.com\/wp-content\/uploads\/2017\/10\/pobreza1-118x79.jpg 118w, https:\/\/primermomento.com\/wp-content\/uploads\/2017\/10\/pobreza1-479x319.jpg 479w, https:\/\/primermomento.com\/wp-content\/uploads\/2017\/10\/pobreza1.jpg 748w\" sizes=\"auto, (max-width: 300px) 100vw, 300px\" \/>Durante un recorrido efectuado hoy por la prensa junto a autoridades del Ministerio de Defensa a trav\u00e9s de la zona fronteriza de las provincias de Pedernales, Independencia y El\u00edas Pi\u00f1a, los visitantes apreciaron c\u00f3mo la alegr\u00eda propia de los ni\u00f1os contrast\u00f3 con la mirada t\u00edmida y asombrada de sus padres.<\/p>\n<p>Seg\u00fan la informaci\u00f3n, en esas zonas est\u00e1 reflejado el gran contraste geogr\u00e1fico entre la Rep\u00fablica Dominicana y Hait\u00ed, del lado dominicano una gran vegetaci\u00f3n y del otro, un panorama completamente des\u00e9rtico.<\/p>\n<p>Sin embargo, lo que m\u00e1s salta a la vista es la desolaci\u00f3n y a lo lejos, en territorio haitiano, la presencia de peque\u00f1as casas construidas con materiales r\u00fasticos con sus letrinas y cocinas en la parte de afuera donde familias numerosas hacen sus vidas.<\/p>\n<p>En el teritorio de El\u00edas Pi\u00f1a los dominicanos viven de peque\u00f1os conucos, mientras los haitianos sobreviven del comercio informal, venden panes artesanales y frutas.<\/p>\n<p>Hait\u00ed y Rep\u00fablica Dominicana comparten una frontera de casi 400 kil\u00f3metros en la isla La Espa\u00f1ola y cada cierto tiempo surgen las fricciones agravadas casi siempre por la presencia de indocumentados haitianos en territorio dominicano.<\/p>\n<p>No obstante, el flagelo de la pobreza asoma su cara por todos lados y se convierte en una de las princiapes causas de los problemas que afecta a esas regiones.<\/p><\/div>\n<div><\/div>\n<div style=\"text-align: right;\"><span style=\"color: #ff0000;\"><em>PL<\/em><\/span><\/div>\n","protected":false},"excerpt":{"rendered":"<p>SANTO DOMINGO, Rep\u00fablica Dominicana.- En la frontera dominico-haitiana impera una gran pobreza y la vida de sus pocos habitantes transcurre en medio de precariedades y carencias. Durante un recorrido efectuado hoy por la prensa junto a autoridades del Ministerio de Defensa a trav\u00e9s de la zona fronteriza de las provincias de Pedernales, Independencia y El\u00edas [&hellip;]<\/p>\n","protected":false},"author":1,"featured_media":0,"comment_status":"open","ping_status":"open","sticky":false,"template":"","format":"standard","meta":{"_bbp_topic_count":0,"_bbp_reply_count":0,"_bbp_total_topic_count":0,"_bbp_total_reply_count":0,"_bbp_voice_count":0,"_bbp_anonymous_reply_count":0,"_bbp_topic_count_hidden":0,"_bbp_reply_count_hidden":0,"_bbp_forum_subforum_count":0,"footnotes":""},"categories":[35,60],"tags":[],"class_list":{"0":"post-294933","1":"post","2":"type-post","3":"status-publish","4":"format-standard","6":"category-economia","7":"category-titulares-del-dia"},"_links":{"self":[{"href":"https:\/\/primermomento.com\/index.php?rest_route=\/wp\/v2\/posts\/294933","targetHints":{"allow":["GET"]}}],"collection":[{"href":"https:\/\/primermomento.com\/index.php?rest_route=\/wp\/v2\/posts"}],"about":[{"href":"https:\/\/primermomento.com\/index.php?rest_route=\/wp\/v2\/types\/post"}],"author":[{"embeddable":true,"href":"https:\/\/primermomento.com\/index.php?rest_route=\/wp\/v2\/users\/1"}],"replies":[{"embeddable":true,"href":"https:\/\/primermomento.com\/index.php?rest_route=%2Fwp%2Fv2%2Fcomments&post=294933"}],"version-history":[{"count":0,"href":"https:\/\/primermomento.com\/index.php?rest_route=\/wp\/v2\/posts\/294933\/revisions"}],"wp:attachment":[{"href":"https:\/\/primermomento.com\/index.php?rest_route=%2Fwp%2Fv2%2Fmedia&parent=294933"}],"wp:term":[{"taxonomy":"category","embeddable":true,"href":"https:\/\/primermomento.com\/index.php?rest_route=%2Fwp%2Fv2%2Fcategories&post=294933"},{"taxonomy":"post_tag","embeddable":true,"href":"https:\/\/primermomento.com\/index.php?rest_route=%2Fwp%2Fv2%2Ftags&post=294933"}],"curies":[{"name":"wp","href":"https:\/\/api.w.org\/{rel}","templated":true}]}}