{"id":295028,"date":"2017-10-12T09:29:18","date_gmt":"2017-10-12T13:29:18","guid":{"rendered":"http:\/\/primermomento.com\/?p=295028"},"modified":"2017-10-12T18:31:52","modified_gmt":"2017-10-12T22:31:52","slug":"eeuu-consideraria-acuerdo-comercial-con-canada-pero-sin-mexico","status":"publish","type":"post","link":"https:\/\/primermomento.com\/?p=295028","title":{"rendered":"EEUU considerar\u00eda acuerdo comercial con Canad\u00e1 pero sin M\u00e9xico"},"content":{"rendered":"<div class=\"wsw\">\n<p>WASHINGTON, Distrito de Columbia.- El Tratado de Libre Comercio de Am\u00e9rica del Norte (TLCAN) que el presidente Donald Trump a menudo describe como \u201cmalo\u201d para Estados Unidos, podr\u00eda colapsar bajo las demandas estadounidense o transformarse en un acuerdo bilateral, con Canad\u00e1 pero sin M\u00e9xico.<\/p>\n<figure id=\"attachment_295029\" aria-describedby=\"caption-attachment-295029\" style=\"width: 300px\" class=\"wp-caption alignleft\"><img loading=\"lazy\" decoding=\"async\" class=\"size-medium wp-image-295029\" src=\"http:\/\/primermomento.com\/wp-content\/uploads\/2017\/10\/Trump-y-Justin-300x169.jpg\" alt=\"\" width=\"300\" height=\"169\" srcset=\"https:\/\/primermomento.com\/wp-content\/uploads\/2017\/10\/Trump-y-Justin-300x169.jpg 300w, https:\/\/primermomento.com\/wp-content\/uploads\/2017\/10\/Trump-y-Justin-768x432.jpg 768w, https:\/\/primermomento.com\/wp-content\/uploads\/2017\/10\/Trump-y-Justin-478x270.jpg 478w, https:\/\/primermomento.com\/wp-content\/uploads\/2017\/10\/Trump-y-Justin-500x281.jpg 500w, https:\/\/primermomento.com\/wp-content\/uploads\/2017\/10\/Trump-y-Justin-280x157.jpg 280w, https:\/\/primermomento.com\/wp-content\/uploads\/2017\/10\/Trump-y-Justin-638x359.jpg 638w, https:\/\/primermomento.com\/wp-content\/uploads\/2017\/10\/Trump-y-Justin-118x66.jpg 118w, https:\/\/primermomento.com\/wp-content\/uploads\/2017\/10\/Trump-y-Justin-479x269.jpg 479w, https:\/\/primermomento.com\/wp-content\/uploads\/2017\/10\/Trump-y-Justin.jpg 1023w\" sizes=\"auto, (max-width: 300px) 100vw, 300px\" \/><figcaption id=\"caption-attachment-295029\" class=\"wp-caption-text\">El presidente Donald Trump y el primer ministro canadiense, Justin Trudeau, caminan conversando en los pasillos exteriores de la Casa Blanca el mi\u00e9rcoles 11 de octubre.<\/figcaption><\/figure>\n<p>Trump dijo el mi\u00e9rcoles que est\u00e1 abierto a un acuerdo bilateral con Canad\u00e1 pero sin M\u00e9xico si la cuarta ronda de conversaciones entre los tres pa\u00edses no prospera esta semana.<\/p>\n<p>Las negociaciones comenzaron el mi\u00e9rcoles con una reuni\u00f3n entre Trump y el primer ministro canadiense, Justin Trudeau, en Washington, y seguir\u00e1 con la visita de Trudeau a M\u00e9xico para conversaciones similares con el presidente de ese pa\u00eds, Enrique Pe\u00f1a Nieto.<\/p>\n<p>Al ser consultado por un periodista si Estados Unidos podr\u00eda alcanzar un pacto comercial con Canad\u00e1 si no logra uno con M\u00e9xico en las negociaciones del TLCAN, Trump dijo: \u201cSeguro, absolutamente. Es posible que no podamos llegar a un acuerdo con uno o con otro, pero llegaremos a un acuerdo con uno\u201d.<\/p>\n<p>\u201cVeremos si podemos hacer el tipo de cambios que necesitamos. Tenemos que proteger a nuestros trabajadores y, para ser justos, el primer ministro [Trudeau] quiere proteger tambi\u00e9n a Canad\u00e1 y a su gente. Debe ser justo para ambos pa\u00edses\u201d, afirm\u00f3.<\/p>\n<p>En otra pregunta sobre si el TLCAN est\u00e1 muerto, Trump respondi\u00f3: \u201cYa veremos qu\u00e9 ocurre\u201d.<\/p>\n<p>En una rueda de prensa posterior, Trudeau dijo que es optimista sobre las posibilidades de modernizar el pacto instaurado en 1994.<\/p>\n<p>\u201cSigo creyendo en el TLCAN (&#8230;) Estamos preparados para que pase cualquier cosa, y vamos a seguir trabajando con diligencia para proteger los intereses de Canad\u00e1\u201d, dijo Trudeau, quien destac\u00f3 que su pa\u00eds es consciente de que Trump es impredecible.<\/p>\n<p>\u201cEso es ciertamente algo de lo que estamos al tanto (&#8230;) Pero al mismo tiempo, los canadienses esperan que trabajemos con seriedad para alcanzar un buen acuerdo\u201d, agreg\u00f3.<\/p>\n<p>La C\u00e1mara de Comercio estadounidense acus\u00f3 el martes al Gobierno en Washington de intentar sabotear las discusiones con \u201cpropuestas venenosas\u201d.<\/p>\n<p>Las conversaciones sobre el TLCAN podr\u00edan estancarse por las agresivas demandas de Estados Unidos de elevar abruptamente los requerimientos de origen local para componentes de autos y autopartes, seg\u00fan expertos comerciales.<\/p>\n<p>Por su parte, el secretario de Comercio de Estados Unidos, Wilbur Ross, uno de los m\u00e1ximos asesores de Trump, desestim\u00f3 que el final del TLCAN sea necesario. \u201cNo esperamos que pase, no deseamos que pase, no creemos que pase, pero es al menos un posibilidad conceptual mientras avanzamos\u201d, destac\u00f3.<\/p>\n<p>Fuentes informadas sobre las propuestas de Estados Unidos dijeron que \u00e9stas apuntan a elevar el l\u00edmite para el contenido de origen norteamericano a 85 por ciento, desde el actual 62,5 por ciento, con un requerimiento espec\u00edfico de fabricaci\u00f3n estadounidense de 50 por ciento.<\/p>\n<p>La ronda de Washington promete ser compleja y el representante de Comercio de Estados Unidos, Robert Lighthizer, anunci\u00f3 la ma\u00f1ana del mi\u00e9rcoles que las negociaciones se extender\u00edan hasta el 17 de octubre.<\/p>\n<p>El canciller mexicano, Luis Videgaray, ha advertido que el fin del TLCAN podr\u00eda marcar un punto de quiebre en las relaciones entre Estados Unidos y M\u00e9xico, lo que afectar\u00eda la cooperaci\u00f3n en \u00e1reas no relacionadas al comercio.<\/p>\n<p style=\"text-align: right;\"><span style=\"color: #ff0000;\"><em>VOANEWS<\/em><\/span><\/p>\n<\/div>\n","protected":false},"excerpt":{"rendered":"<p>WASHINGTON, Distrito de Columbia.- El Tratado de Libre Comercio de Am\u00e9rica del Norte (TLCAN) que el presidente Donald Trump a menudo describe como \u201cmalo\u201d para Estados Unidos, podr\u00eda colapsar bajo las demandas estadounidense o transformarse en un acuerdo bilateral, con Canad\u00e1 pero sin M\u00e9xico. Trump dijo el mi\u00e9rcoles que est\u00e1 abierto a un acuerdo bilateral [&hellip;]<\/p>\n","protected":false},"author":1,"featured_media":0,"comment_status":"open","ping_status":"open","sticky":false,"template":"","format":"standard","meta":{"_bbp_topic_count":0,"_bbp_reply_count":0,"_bbp_total_topic_count":0,"_bbp_total_reply_count":0,"_bbp_voice_count":0,"_bbp_anonymous_reply_count":0,"_bbp_topic_count_hidden":0,"_bbp_reply_count_hidden":0,"_bbp_forum_subforum_count":0,"footnotes":""},"categories":[35,60],"tags":[],"class_list":{"0":"post-295028","1":"post","2":"type-post","3":"status-publish","4":"format-standard","6":"category-economia","7":"category-titulares-del-dia"},"_links":{"self":[{"href":"https:\/\/primermomento.com\/index.php?rest_route=\/wp\/v2\/posts\/295028","targetHints":{"allow":["GET"]}}],"collection":[{"href":"https:\/\/primermomento.com\/index.php?rest_route=\/wp\/v2\/posts"}],"about":[{"href":"https:\/\/primermomento.com\/index.php?rest_route=\/wp\/v2\/types\/post"}],"author":[{"embeddable":true,"href":"https:\/\/primermomento.com\/index.php?rest_route=\/wp\/v2\/users\/1"}],"replies":[{"embeddable":true,"href":"https:\/\/primermomento.com\/index.php?rest_route=%2Fwp%2Fv2%2Fcomments&post=295028"}],"version-history":[{"count":0,"href":"https:\/\/primermomento.com\/index.php?rest_route=\/wp\/v2\/posts\/295028\/revisions"}],"wp:attachment":[{"href":"https:\/\/primermomento.com\/index.php?rest_route=%2Fwp%2Fv2%2Fmedia&parent=295028"}],"wp:term":[{"taxonomy":"category","embeddable":true,"href":"https:\/\/primermomento.com\/index.php?rest_route=%2Fwp%2Fv2%2Fcategories&post=295028"},{"taxonomy":"post_tag","embeddable":true,"href":"https:\/\/primermomento.com\/index.php?rest_route=%2Fwp%2Fv2%2Ftags&post=295028"}],"curies":[{"name":"wp","href":"https:\/\/api.w.org\/{rel}","templated":true}]}}