{"id":295616,"date":"2017-10-30T11:38:00","date_gmt":"2017-10-30T15:38:00","guid":{"rendered":"http:\/\/primermomento.com\/?p=295616"},"modified":"2017-10-30T12:39:48","modified_gmt":"2017-10-30T16:39:48","slug":"hispano-dispara-contra-multitud-en-concurrida-calle-de-ny","status":"publish","type":"post","link":"https:\/\/primermomento.com\/?p=295616","title":{"rendered":"Hispano dispara contra multitud en concurrida calle de NY"},"content":{"rendered":"<div id=\"m_-634731327742213872yui_3_16_0_ym19_1_1509324948137_40799\"><span id=\"m_-634731327742213872yui_3_16_0_ym19_1_1509324948137_40803\" lang=\"ES-US\"><span id=\"m_-634731327742213872yui_3_16_0_ym19_1_1509324948137_40804\">NUEVA YORK, Nueva York.- El hispano Juan de Jes\u00fas, de 25 a\u00f1os, hiri\u00f3 a tres al disparar indiscriminadamente la noche de este viernes contra varias personas que transitaban por la concurrida avenida Fordham en El Bronx, inform\u00f3 la polic\u00eda.<\/span><u><\/u><u><\/u><\/span><\/div>\n<div id=\"m_-634731327742213872yui_3_16_0_ym19_1_1509324948137_40806\"><span id=\"m_-634731327742213872yui_3_16_0_ym19_1_1509324948137_40807\" lang=\"ES-US\"><span id=\"m_-634731327742213872yui_3_16_0_ym19_1_1509324948137_40808\">\u00a0<\/span><u><\/u><u><\/u><\/span><\/div>\n<div id=\"m_-634731327742213872yui_3_16_0_ym19_1_1509324948137_40810\"><span id=\"m_-634731327742213872yui_3_16_0_ym19_1_1509324948137_40811\" lang=\"ES-US\"><span id=\"m_-634731327742213872yui_3_16_0_ym19_1_1509324948137_40812\"><img loading=\"lazy\" decoding=\"async\" class=\"size-medium wp-image-295617 alignleft\" src=\"http:\/\/primermomento.com\/wp-content\/uploads\/2017\/10\/Hispano-dispara-contra-multitud-en-concurrida-calle-El-Bronx-300x176.jpg\" alt=\"\" width=\"300\" height=\"176\" srcset=\"https:\/\/primermomento.com\/wp-content\/uploads\/2017\/10\/Hispano-dispara-contra-multitud-en-concurrida-calle-El-Bronx-300x176.jpg 300w, https:\/\/primermomento.com\/wp-content\/uploads\/2017\/10\/Hispano-dispara-contra-multitud-en-concurrida-calle-El-Bronx-110x66.jpg 110w, https:\/\/primermomento.com\/wp-content\/uploads\/2017\/10\/Hispano-dispara-contra-multitud-en-concurrida-calle-El-Bronx-280x164.jpg 280w, https:\/\/primermomento.com\/wp-content\/uploads\/2017\/10\/Hispano-dispara-contra-multitud-en-concurrida-calle-El-Bronx-118x69.jpg 118w, https:\/\/primermomento.com\/wp-content\/uploads\/2017\/10\/Hispano-dispara-contra-multitud-en-concurrida-calle-El-Bronx-479x281.jpg 479w, https:\/\/primermomento.com\/wp-content\/uploads\/2017\/10\/Hispano-dispara-contra-multitud-en-concurrida-calle-El-Bronx.jpg 487w\" sizes=\"auto, (max-width: 300px) 100vw, 300px\" \/>Las v\u00edctimas son dos hombres, de 23 y 61 a\u00f1os, quienes fueron trasladados al hospital en condici\u00f3n cr\u00edtica, se inform\u00f3.<\/span><u><\/u><u><\/u><\/span><\/div>\n<div id=\"m_-634731327742213872yui_3_16_0_ym19_1_1509324948137_40814\"><span id=\"m_-634731327742213872yui_3_16_0_ym19_1_1509324948137_40815\" lang=\"ES-US\"><span id=\"m_-634731327742213872yui_3_16_0_ym19_1_1509324948137_40816\">\u00a0<\/span><u><\/u><u><\/u><\/span><\/div>\n<div id=\"m_-634731327742213872yui_3_16_0_ym19_1_1509324948137_40818\"><span id=\"m_-634731327742213872yui_3_16_0_ym19_1_1509324948137_40819\" lang=\"ES-US\"><span id=\"m_-634731327742213872yui_3_16_0_ym19_1_1509324948137_40820\">Seg\u00fan versiones no confirmadas, el pistolero es de origen dominicano y fue apresado horas mas tarde tras una persecuci\u00f3n policial.<\/span><u><\/u><u><\/u><\/span><\/div>\n<div id=\"m_-634731327742213872yui_3_16_0_ym19_1_1509324948137_40822\"><span id=\"m_-634731327742213872yui_3_16_0_ym19_1_1509324948137_40823\" lang=\"ES-US\"><span id=\"m_-634731327742213872yui_3_16_0_ym19_1_1509324948137_40824\">\u00a0<\/span><u><\/u><u><\/u><\/span><\/div>\n<div id=\"m_-634731327742213872yui_3_16_0_ym19_1_1509324948137_40826\"><span id=\"m_-634731327742213872yui_3_16_0_ym19_1_1509324948137_40827\" lang=\"ES-US\"><span id=\"m_-634731327742213872yui_3_16_0_ym19_1_1509324948137_40828\">Hasta el momento se desconocen los motivos que tuvo De Jes\u00fas para hacer los disparos.<\/span> La instituci\u00f3n divulg\u00f3 fotos del agresor disparando y caminando.<u><\/u><u><\/u><\/span><\/div>\n<div id=\"m_-634731327742213872yui_3_16_0_ym19_1_1509324948137_40830\"><span id=\"m_-634731327742213872yui_3_16_0_ym19_1_1509324948137_40831\" lang=\"ES-US\"><span id=\"m_-634731327742213872yui_3_16_0_ym19_1_1509324948137_40832\">\u00a0<\/span><u><\/u><u><\/u><\/span><\/div>\n<div id=\"m_-634731327742213872yui_3_16_0_ym19_1_1509324948137_40834\"><span id=\"m_-634731327742213872yui_3_16_0_ym19_1_1509324948137_40835\" lang=\"ES-US\"><span id=\"m_-634731327742213872yui_3_16_0_ym19_1_1509324948137_40836\">E<\/span><span id=\"m_-634731327742213872yui_3_16_0_ym19_1_1509324948137_40837\">nfrenta varios cargos, incluyen intento de asesinato.<\/span><u><\/u><u><\/u><\/span><\/div>\n<div id=\"m_-634731327742213872yui_3_16_0_ym19_1_1509324948137_40839\"><span id=\"m_-634731327742213872yui_3_16_0_ym19_1_1509324948137_40840\" lang=\"ES-US\"><span id=\"m_-634731327742213872yui_3_16_0_ym19_1_1509324948137_40841\">\u00a0<\/span><u><\/u><u><\/u><\/span><\/div>\n<div id=\"m_-634731327742213872yui_3_16_0_ym19_1_1509324948137_40843\"><span id=\"m_-634731327742213872yui_3_16_0_ym19_1_1509324948137_40844\" lang=\"ES-US\"><span id=\"m_-634731327742213872yui_3_16_0_ym19_1_1509324948137_40845\">A pocas distancias de donde ocurrieron los hechos,\u00a0<\/span>en las avenidas Bainbridge con la calle 197 y en el 230 de Valentine, el s\u00e1bado en la noche ocurrieron dos asaltos a mano armada.\u00a0<\/span><span id=\"m_-634731327742213872yui_3_16_0_ym19_1_1509324948137_40846\" lang=\"ES-US\"><u><\/u><u><\/u><\/span><\/div>\n<div id=\"m_-634731327742213872yui_3_16_0_ym19_1_1509324948137_40848\"><span id=\"m_-634731327742213872yui_3_16_0_ym19_1_1509324948137_40849\" lang=\"ES-US\"><u><\/u>\u00a0<u><\/u><\/span><\/div>\n<div id=\"m_-634731327742213872yui_3_16_0_ym19_1_1509324948137_40851\" style=\"text-align: right;\"><span id=\"m_-634731327742213872yui_3_16_0_ym19_1_1509324948137_40852\" lang=\"ES-US\"><span style=\"color: #ff0000;\">\u00a0Ram\u00f3n Mercedes<\/span><br \/>\n<\/span><\/div>\n","protected":false},"excerpt":{"rendered":"<p>NUEVA YORK, Nueva York.- El hispano Juan de Jes\u00fas, de 25 a\u00f1os, hiri\u00f3 a tres al disparar indiscriminadamente la noche de este viernes contra varias personas que transitaban por la concurrida avenida Fordham en El Bronx, inform\u00f3 la polic\u00eda. \u00a0 Las v\u00edctimas son dos hombres, de 23 y 61 a\u00f1os, quienes fueron trasladados al hospital [&hellip;]<\/p>\n","protected":false},"author":1,"featured_media":0,"comment_status":"open","ping_status":"open","sticky":false,"template":"","format":"standard","meta":{"_bbp_topic_count":0,"_bbp_reply_count":0,"_bbp_total_topic_count":0,"_bbp_total_reply_count":0,"_bbp_voice_count":0,"_bbp_anonymous_reply_count":0,"_bbp_topic_count_hidden":0,"_bbp_reply_count_hidden":0,"_bbp_forum_subforum_count":0,"footnotes":""},"categories":[60,32],"tags":[],"class_list":["post-295616","post","type-post","status-publish","format-standard","category-titulares-del-dia","category-lo-ultimo"],"_links":{"self":[{"href":"https:\/\/primermomento.com\/index.php?rest_route=\/wp\/v2\/posts\/295616","targetHints":{"allow":["GET"]}}],"collection":[{"href":"https:\/\/primermomento.com\/index.php?rest_route=\/wp\/v2\/posts"}],"about":[{"href":"https:\/\/primermomento.com\/index.php?rest_route=\/wp\/v2\/types\/post"}],"author":[{"embeddable":true,"href":"https:\/\/primermomento.com\/index.php?rest_route=\/wp\/v2\/users\/1"}],"replies":[{"embeddable":true,"href":"https:\/\/primermomento.com\/index.php?rest_route=%2Fwp%2Fv2%2Fcomments&post=295616"}],"version-history":[{"count":0,"href":"https:\/\/primermomento.com\/index.php?rest_route=\/wp\/v2\/posts\/295616\/revisions"}],"wp:attachment":[{"href":"https:\/\/primermomento.com\/index.php?rest_route=%2Fwp%2Fv2%2Fmedia&parent=295616"}],"wp:term":[{"taxonomy":"category","embeddable":true,"href":"https:\/\/primermomento.com\/index.php?rest_route=%2Fwp%2Fv2%2Fcategories&post=295616"},{"taxonomy":"post_tag","embeddable":true,"href":"https:\/\/primermomento.com\/index.php?rest_route=%2Fwp%2Fv2%2Ftags&post=295616"}],"curies":[{"name":"wp","href":"https:\/\/api.w.org\/{rel}","templated":true}]}}