{"id":295663,"date":"2017-10-31T11:26:20","date_gmt":"2017-10-31T15:26:20","guid":{"rendered":"http:\/\/primermomento.com\/?p=295663"},"modified":"2017-10-31T14:51:40","modified_gmt":"2017-10-31T18:51:40","slug":"bani-ingenieros-de-op-se-reunen-con-senador-y-alcaldes","status":"publish","type":"post","link":"https:\/\/primermomento.com\/?p=295663","title":{"rendered":"BAN\u00cd | Ingenieros de OP se re\u00fanen con senador y alcaldes"},"content":{"rendered":"<p>BAN\u00cd, Rep\u00fablica Dominicana.- Poco antes de que se iniciara el foro legislativo en el centro parroquial de la Catedral Nuestra Se\u00f1ora de Regla, en la Gobernaci\u00f3n de la provincia Peravia hubo una reuni\u00f3n encabezada por el senador Wilton Guerrero y en representaci\u00f3n del poder ejecutivo, Flady Cordero, quien funge como vicegobernador.<\/p>\n<figure id=\"attachment_295664\" aria-describedby=\"caption-attachment-295664\" style=\"width: 300px\" class=\"wp-caption alignright\"><img loading=\"lazy\" decoding=\"async\" class=\"size-medium wp-image-295664\" src=\"http:\/\/primermomento.com\/wp-content\/uploads\/2017\/10\/chacho-y-wilton-guerrero-calles-bani-300x169.jpg\" alt=\"\" width=\"300\" height=\"169\" srcset=\"https:\/\/primermomento.com\/wp-content\/uploads\/2017\/10\/chacho-y-wilton-guerrero-calles-bani-300x169.jpg 300w, https:\/\/primermomento.com\/wp-content\/uploads\/2017\/10\/chacho-y-wilton-guerrero-calles-bani-768x432.jpg 768w, https:\/\/primermomento.com\/wp-content\/uploads\/2017\/10\/chacho-y-wilton-guerrero-calles-bani-478x270.jpg 478w, https:\/\/primermomento.com\/wp-content\/uploads\/2017\/10\/chacho-y-wilton-guerrero-calles-bani-500x281.jpg 500w, https:\/\/primermomento.com\/wp-content\/uploads\/2017\/10\/chacho-y-wilton-guerrero-calles-bani-280x158.jpg 280w, https:\/\/primermomento.com\/wp-content\/uploads\/2017\/10\/chacho-y-wilton-guerrero-calles-bani-638x359.jpg 638w, https:\/\/primermomento.com\/wp-content\/uploads\/2017\/10\/chacho-y-wilton-guerrero-calles-bani-118x66.jpg 118w, https:\/\/primermomento.com\/wp-content\/uploads\/2017\/10\/chacho-y-wilton-guerrero-calles-bani-479x269.jpg 479w, https:\/\/primermomento.com\/wp-content\/uploads\/2017\/10\/chacho-y-wilton-guerrero-calles-bani.jpg 960w\" sizes=\"auto, (max-width: 300px) 100vw, 300px\" \/><figcaption id=\"caption-attachment-295664\" class=\"wp-caption-text\">El senador Wilton Guerrero y el alcalde de Ban\u00ed, Chacho Landestoy, reunido con los ingenieros de Obras P\u00fablicas.<\/figcaption><\/figure>\n<p>Por el Ministerio de Obras P\u00fablicas y Comunicaciones estuvieron presentes en el encuentro los ingenieros F\u00e1tima Vittini, Axel Pimentel y Douglas Ortiz.<\/p>\n<p>Los alcaldes de los municipios de Ban\u00ed y Nizao, respectivamente, Nelson Camilo Landestoy (Chacho) y Salvador P\u00e9rez, hicieron acto de presencia en esta reuni\u00f3n.<\/p>\n<p>Se dijo que el objetivo busca iniciar cuanto antes un programa de reparaci\u00f3n de las v\u00edas p\u00fablicas que est\u00e1n en franco deterioro en la provincia Peravia.<\/p>\n<p>Tras la reuni\u00f3n, los oficiales se dirigieron hacia varias calles de la localidad para evaluar el mal estado en que se encuentran dichas arterias.<\/p>\n<p>Se desconoce si el Ministerio de Obras P\u00fablicas ha dispuesto una inmediata reparaci\u00f3n de las calles de Ban\u00ed, Nizao y Matanzas, los tres municipios de la provincia Peravia.<\/p>\n<p style=\"text-align: right;\"><span style=\"color: #ff0000;\">Primer<\/span>Momento<\/p>\n<p>&nbsp;<\/p>\n","protected":false},"excerpt":{"rendered":"<p>BAN\u00cd, Rep\u00fablica Dominicana.- Poco antes de que se iniciara el foro legislativo en el centro parroquial de la Catedral Nuestra Se\u00f1ora de Regla, en la Gobernaci\u00f3n de la provincia Peravia hubo una reuni\u00f3n encabezada por el senador Wilton Guerrero y en representaci\u00f3n del poder ejecutivo, Flady Cordero, quien funge como vicegobernador. Por el Ministerio de [&hellip;]<\/p>\n","protected":false},"author":1,"featured_media":0,"comment_status":"open","ping_status":"open","sticky":false,"template":"","format":"standard","meta":{"_bbp_topic_count":0,"_bbp_reply_count":0,"_bbp_total_topic_count":0,"_bbp_total_reply_count":0,"_bbp_voice_count":0,"_bbp_anonymous_reply_count":0,"_bbp_topic_count_hidden":0,"_bbp_reply_count_hidden":0,"_bbp_forum_subforum_count":0,"footnotes":""},"categories":[30,60],"tags":[],"class_list":["post-295663","post","type-post","status-publish","format-standard","category-actualidad","category-titulares-del-dia"],"_links":{"self":[{"href":"https:\/\/primermomento.com\/index.php?rest_route=\/wp\/v2\/posts\/295663","targetHints":{"allow":["GET"]}}],"collection":[{"href":"https:\/\/primermomento.com\/index.php?rest_route=\/wp\/v2\/posts"}],"about":[{"href":"https:\/\/primermomento.com\/index.php?rest_route=\/wp\/v2\/types\/post"}],"author":[{"embeddable":true,"href":"https:\/\/primermomento.com\/index.php?rest_route=\/wp\/v2\/users\/1"}],"replies":[{"embeddable":true,"href":"https:\/\/primermomento.com\/index.php?rest_route=%2Fwp%2Fv2%2Fcomments&post=295663"}],"version-history":[{"count":0,"href":"https:\/\/primermomento.com\/index.php?rest_route=\/wp\/v2\/posts\/295663\/revisions"}],"wp:attachment":[{"href":"https:\/\/primermomento.com\/index.php?rest_route=%2Fwp%2Fv2%2Fmedia&parent=295663"}],"wp:term":[{"taxonomy":"category","embeddable":true,"href":"https:\/\/primermomento.com\/index.php?rest_route=%2Fwp%2Fv2%2Fcategories&post=295663"},{"taxonomy":"post_tag","embeddable":true,"href":"https:\/\/primermomento.com\/index.php?rest_route=%2Fwp%2Fv2%2Ftags&post=295663"}],"curies":[{"name":"wp","href":"https:\/\/api.w.org\/{rel}","templated":true}]}}