{"id":295753,"date":"2017-11-01T11:16:43","date_gmt":"2017-11-01T15:16:43","guid":{"rendered":"http:\/\/primermomento.com\/?p=295753"},"modified":"2017-11-01T19:18:23","modified_gmt":"2017-11-01T23:18:23","slug":"reserva-federal-de-eeuu-mantiene-sin-variar-tasas-de-interes","status":"publish","type":"post","link":"https:\/\/primermomento.com\/?p=295753","title":{"rendered":"Reserva Federal de EEUU mantiene sin variar tasas de inter\u00e9s"},"content":{"rendered":"<div class=\"fullNewsIntrotext\">WASHINGTON, Distrito de Columbia.- La Reserva Federal estadounidense (Fed) mantuvo hoy sin cambios sus tasas de inter\u00e9s, de uno a 1,25 por ciento, tras una reuni\u00f3n de dos d\u00edas del Comit\u00e9 de Pol\u00edtica Monetaria.<\/div>\n<div><\/div>\n<div class=\"fullNewsFulltext\">\n<figure id=\"attachment_286502\" aria-describedby=\"caption-attachment-286502\" style=\"width: 300px\" class=\"wp-caption alignleft\"><img loading=\"lazy\" decoding=\"async\" class=\"size-medium wp-image-286502\" src=\"http:\/\/primermomento.com\/wp-content\/uploads\/2017\/01\/fed-y-tasas-300x169.jpg\" alt=\"\" width=\"300\" height=\"169\" srcset=\"https:\/\/primermomento.com\/wp-content\/uploads\/2017\/01\/fed-y-tasas-300x169.jpg 300w, https:\/\/primermomento.com\/wp-content\/uploads\/2017\/01\/fed-y-tasas-768x432.jpg 768w, https:\/\/primermomento.com\/wp-content\/uploads\/2017\/01\/fed-y-tasas-478x270.jpg 478w, https:\/\/primermomento.com\/wp-content\/uploads\/2017\/01\/fed-y-tasas-500x281.jpg 500w, https:\/\/primermomento.com\/wp-content\/uploads\/2017\/01\/fed-y-tasas-280x157.jpg 280w, https:\/\/primermomento.com\/wp-content\/uploads\/2017\/01\/fed-y-tasas-638x359.jpg 638w, https:\/\/primermomento.com\/wp-content\/uploads\/2017\/01\/fed-y-tasas-118x66.jpg 118w, https:\/\/primermomento.com\/wp-content\/uploads\/2017\/01\/fed-y-tasas-479x269.jpg 479w, https:\/\/primermomento.com\/wp-content\/uploads\/2017\/01\/fed-y-tasas.jpg 987w\" sizes=\"auto, (max-width: 300px) 100vw, 300px\" \/><figcaption id=\"caption-attachment-286502\" class=\"wp-caption-text\">El edificio de la Reserva Federal en Washington es sede de la reuni\u00f3n de los que elaboran la pol\u00edtica momentaria de EE.UU. Foto | Reuters<\/figcaption><\/figure>\n<p>De acuerdo con el Banco Central, existe un consistente crecimiento econ\u00f3mico y un mercado laboral m\u00e1s fuerte, pese al reciente impacto de los huracanes Harvey, Irma y Mar\u00eda.<\/p>\n<p>Por otra parte, la entidad tambi\u00e9n reconoci\u00f3 que la inflaci\u00f3n se mantuvo d\u00e9bil, pero no redujo su evaluaci\u00f3n de las expectativas sobre ese indicador.<\/p>\n<p>El mercado laboral continu\u00f3 fortaleci\u00e9ndose y la actividad econ\u00f3mica sube a un ritmo s\u00f3lido, recalc\u00f3 en un comunicado la Fed, que este a\u00f1o subi\u00f3 dos veces las tasas de inter\u00e9s.<\/p>\n<p>Reportes de prensa recordaron que est\u00e1 pronosticado un ascenso m\u00e1s a finales de 2017 como parte de un ciclo de endurecimiento monetario que comenz\u00f3 a finales de 2015.<\/p>\n<p>Dicha reuni\u00f3n aconteci\u00f3 en medio de las expectativas por saber a qui\u00e9n nominar\u00e1 el presidente estadounidense, Donald Trump, para dirigir la Fed tras el fin del mandato en febrero de su actual presidenta, Janet Yellen.<\/p>\n<p>Hace seis d\u00edas, la vocera de la Casa Blanca, Sarah Sanders, afirm\u00f3 que esta semana Trump anunciar\u00e1 su propuesta y medios locales divulgaron posteriormente que eso ocurrir\u00e1 ma\u00f1ana.<\/p>\n<p>A juicio de diversas fuentes, la lista de opciones incluye a la propia Yellen, quien fue nominada por el exgobernante Barack Obama, antecesor de Trump.<\/p>\n<p>Tambi\u00e9n aparecen como candidatos Jerome Powell, miembro del Consejo de Gobernadores de la Reserva Federal y se\u00f1alado por muchos como el favorito a la designaci\u00f3n, y Kevin Warsh, exintegrante de esa entidad.<\/p>\n<p>John Taylor, otrora funcionario del Departamento del Tesoro, y Gary Cohn, director del Consejo Nacional Econ\u00f3mico, constituyen otras alternativas menos citadas \u00faltimamente.<\/p>\n<p>A mediados de octubre, la Fed se\u00f1al\u00f3 que el crecimiento de la econom\u00eda estadounidense en agosto y septiembre se mantuvo &#8216;modesto a moderado&#8217;, pero los huracanes afectaron fuertemente el sur del pa\u00eds.<\/p>\n<p>Pese a la estrechez del mercado laboral, los precios y los salarios no aumentaron en esos meses, precis\u00f3 el Libro Beige del Banco Central, con datos y testimonios recogidos en el terreno.<\/p>\n<p>De acuerdo con el texto, en numerosas regiones de la naci\u00f3n, los empresarios tuvieron dificultades para encontrar trabajadores calificados.<\/p>\n<p>La actividad manufacturera registr\u00f3 de forma general un leve crecimiento, al igual que las ventas minoristas, y el mercado inmobiliario continu\u00f3 afectado por el bajo volumen de viviendas disponibles.<\/p><\/div>\n<div><\/div>\n<div style=\"text-align: right;\"><span style=\"color: #ff0000;\"><em>PL<\/em><\/span><\/div>\n","protected":false},"excerpt":{"rendered":"<p>WASHINGTON, Distrito de Columbia.- La Reserva Federal estadounidense (Fed) mantuvo hoy sin cambios sus tasas de inter\u00e9s, de uno a 1,25 por ciento, tras una reuni\u00f3n de dos d\u00edas del Comit\u00e9 de Pol\u00edtica Monetaria. De acuerdo con el Banco Central, existe un consistente crecimiento econ\u00f3mico y un mercado laboral m\u00e1s fuerte, pese al reciente impacto [&hellip;]<\/p>\n","protected":false},"author":1,"featured_media":0,"comment_status":"open","ping_status":"open","sticky":false,"template":"","format":"standard","meta":{"_bbp_topic_count":0,"_bbp_reply_count":0,"_bbp_total_topic_count":0,"_bbp_total_reply_count":0,"_bbp_voice_count":0,"_bbp_anonymous_reply_count":0,"_bbp_topic_count_hidden":0,"_bbp_reply_count_hidden":0,"_bbp_forum_subforum_count":0,"footnotes":""},"categories":[35,60],"tags":[],"class_list":{"0":"post-295753","1":"post","2":"type-post","3":"status-publish","4":"format-standard","6":"category-economia","7":"category-titulares-del-dia"},"_links":{"self":[{"href":"https:\/\/primermomento.com\/index.php?rest_route=\/wp\/v2\/posts\/295753","targetHints":{"allow":["GET"]}}],"collection":[{"href":"https:\/\/primermomento.com\/index.php?rest_route=\/wp\/v2\/posts"}],"about":[{"href":"https:\/\/primermomento.com\/index.php?rest_route=\/wp\/v2\/types\/post"}],"author":[{"embeddable":true,"href":"https:\/\/primermomento.com\/index.php?rest_route=\/wp\/v2\/users\/1"}],"replies":[{"embeddable":true,"href":"https:\/\/primermomento.com\/index.php?rest_route=%2Fwp%2Fv2%2Fcomments&post=295753"}],"version-history":[{"count":0,"href":"https:\/\/primermomento.com\/index.php?rest_route=\/wp\/v2\/posts\/295753\/revisions"}],"wp:attachment":[{"href":"https:\/\/primermomento.com\/index.php?rest_route=%2Fwp%2Fv2%2Fmedia&parent=295753"}],"wp:term":[{"taxonomy":"category","embeddable":true,"href":"https:\/\/primermomento.com\/index.php?rest_route=%2Fwp%2Fv2%2Fcategories&post=295753"},{"taxonomy":"post_tag","embeddable":true,"href":"https:\/\/primermomento.com\/index.php?rest_route=%2Fwp%2Fv2%2Ftags&post=295753"}],"curies":[{"name":"wp","href":"https:\/\/api.w.org\/{rel}","templated":true}]}}