{"id":295918,"date":"2017-11-07T11:34:35","date_gmt":"2017-11-07T15:34:35","guid":{"rendered":"http:\/\/primermomento.com\/?p=295918"},"modified":"2017-11-07T15:41:25","modified_gmt":"2017-11-07T19:41:25","slug":"destacan-buen-momento-del-deporte-en-dominicana","status":"publish","type":"post","link":"https:\/\/primermomento.com\/?p=295918","title":{"rendered":"Destacan buen momento del deporte en Dominicana"},"content":{"rendered":"<div class=\"fullNewsIntrotext\">SANTO DOMINGO, Rep\u00fablica Dominicana.- El deporte en la Rep\u00fablica Dominicana se encuentra en un buen momento y en fase de recuperaci\u00f3n, se\u00f1al\u00f3 hoy con motivo del D\u00eda del Deporte en este pa\u00eds, el presidente del Comit\u00e9 Ol\u00edmpico, Luis Mej\u00eda.<\/div>\n<div><\/div>\n<div class=\"fullNewsFulltext\">\n<figure id=\"attachment_295919\" aria-describedby=\"caption-attachment-295919\" style=\"width: 300px\" class=\"wp-caption alignright\"><img loading=\"lazy\" decoding=\"async\" class=\"size-medium wp-image-295919\" src=\"http:\/\/primermomento.com\/wp-content\/uploads\/2017\/11\/Luis-Mej\u00eda-300x200.jpg\" alt=\"\" width=\"300\" height=\"200\" srcset=\"https:\/\/primermomento.com\/wp-content\/uploads\/2017\/11\/Luis-Mej\u00eda-300x200.jpg 300w, https:\/\/primermomento.com\/wp-content\/uploads\/2017\/11\/Luis-Mej\u00eda-73x50.jpg 73w, https:\/\/primermomento.com\/wp-content\/uploads\/2017\/11\/Luis-Mej\u00eda-500x333.jpg 500w, https:\/\/primermomento.com\/wp-content\/uploads\/2017\/11\/Luis-Mej\u00eda-280x186.jpg 280w, https:\/\/primermomento.com\/wp-content\/uploads\/2017\/11\/Luis-Mej\u00eda-60x40.jpg 60w, https:\/\/primermomento.com\/wp-content\/uploads\/2017\/11\/Luis-Mej\u00eda-638x425.jpg 638w, https:\/\/primermomento.com\/wp-content\/uploads\/2017\/11\/Luis-Mej\u00eda-118x79.jpg 118w, https:\/\/primermomento.com\/wp-content\/uploads\/2017\/11\/Luis-Mej\u00eda-479x319.jpg 479w, https:\/\/primermomento.com\/wp-content\/uploads\/2017\/11\/Luis-Mej\u00eda.jpg 748w\" sizes=\"auto, (max-width: 300px) 100vw, 300px\" \/><figcaption id=\"caption-attachment-295919\" class=\"wp-caption-text\">Luis Mej\u00eda.<\/figcaption><\/figure>\n<p>En una entrevista publicada en el diario Hoy Mej\u00eda expres\u00f3 que la recuperaci\u00f3n mencionada puede verse en los puestos de clasificaci\u00f3n alcanzados a nivel de Juegos Centroamericanos y del Caribe que se celebrar\u00e1n en julio del a\u00f1o pr\u00f3ximo.<\/p>\n<p>Superamos todos los pron\u00f3sticos, precis\u00f3.<\/p>\n<p>Asimismo, ponder\u00f3 como &#8216;la clave del \u00e9xito&#8217; para el desarrollo experimentado por el deporte en esta naci\u00f3n, la unidad monol\u00edtica que existe entre las autoridades del Ministerio de Deportes y el Comit\u00e9 Ol\u00edmpico Dominicano.<\/p>\n<p>El dirigente deportivo, destac\u00f3 algunos resultados del deporte dominicano en 2017 y mencion\u00f3 entre ellos, la medalla de plata obtenida por el voleibol infantil en el Campeonato Mundial de esa categor\u00eda, algo que nunca hab\u00eda sucedido.<\/p>\n<p>Adem\u00e1s, otro hecho muy destacado, han sido las cinco medallas de oro del gimnasta Audrys Nin Reyes, incluyendo dos en Copas del Mundo.<\/p>\n<p>Por \u00faltimo, reiter\u00f3 que la delegaci\u00f3n deportiva de esta naci\u00f3n que participar\u00e1 en los Juegos Centroamericanos y del Caribe se preparar\u00e1 adecuadamente en cada deporte para dar la &#8216;batalla en un mil por ciento, siempre con la esperanza de poner en alto la bandera tricolor&#8217;.<\/p><\/div>\n<div><\/div>\n<div style=\"text-align: right;\"><span style=\"color: #ff0000;\"><em>PL<\/em><\/span><\/div>\n","protected":false},"excerpt":{"rendered":"<p>SANTO DOMINGO, Rep\u00fablica Dominicana.- El deporte en la Rep\u00fablica Dominicana se encuentra en un buen momento y en fase de recuperaci\u00f3n, se\u00f1al\u00f3 hoy con motivo del D\u00eda del Deporte en este pa\u00eds, el presidente del Comit\u00e9 Ol\u00edmpico, Luis Mej\u00eda. En una entrevista publicada en el diario Hoy Mej\u00eda expres\u00f3 que la recuperaci\u00f3n mencionada puede verse [&hellip;]<\/p>\n","protected":false},"author":1,"featured_media":0,"comment_status":"open","ping_status":"open","sticky":false,"template":"","format":"standard","meta":{"_bbp_topic_count":0,"_bbp_reply_count":0,"_bbp_total_topic_count":0,"_bbp_total_reply_count":0,"_bbp_voice_count":0,"_bbp_anonymous_reply_count":0,"_bbp_topic_count_hidden":0,"_bbp_reply_count_hidden":0,"_bbp_forum_subforum_count":0,"footnotes":""},"categories":[42,60],"tags":[],"class_list":{"0":"post-295918","1":"post","2":"type-post","3":"status-publish","4":"format-standard","6":"category-deportes","7":"category-titulares-del-dia"},"_links":{"self":[{"href":"https:\/\/primermomento.com\/index.php?rest_route=\/wp\/v2\/posts\/295918","targetHints":{"allow":["GET"]}}],"collection":[{"href":"https:\/\/primermomento.com\/index.php?rest_route=\/wp\/v2\/posts"}],"about":[{"href":"https:\/\/primermomento.com\/index.php?rest_route=\/wp\/v2\/types\/post"}],"author":[{"embeddable":true,"href":"https:\/\/primermomento.com\/index.php?rest_route=\/wp\/v2\/users\/1"}],"replies":[{"embeddable":true,"href":"https:\/\/primermomento.com\/index.php?rest_route=%2Fwp%2Fv2%2Fcomments&post=295918"}],"version-history":[{"count":0,"href":"https:\/\/primermomento.com\/index.php?rest_route=\/wp\/v2\/posts\/295918\/revisions"}],"wp:attachment":[{"href":"https:\/\/primermomento.com\/index.php?rest_route=%2Fwp%2Fv2%2Fmedia&parent=295918"}],"wp:term":[{"taxonomy":"category","embeddable":true,"href":"https:\/\/primermomento.com\/index.php?rest_route=%2Fwp%2Fv2%2Fcategories&post=295918"},{"taxonomy":"post_tag","embeddable":true,"href":"https:\/\/primermomento.com\/index.php?rest_route=%2Fwp%2Fv2%2Ftags&post=295918"}],"curies":[{"name":"wp","href":"https:\/\/api.w.org\/{rel}","templated":true}]}}