{"id":295963,"date":"2017-11-09T13:12:22","date_gmt":"2017-11-09T17:12:22","guid":{"rendered":"http:\/\/primermomento.com\/?p=295963"},"modified":"2017-11-09T14:14:07","modified_gmt":"2017-11-09T18:14:07","slug":"comienza-exposicion-comercial-china-en-la-republica-dominicana","status":"publish","type":"post","link":"https:\/\/primermomento.com\/?p=295963","title":{"rendered":"Comienza Exposici\u00f3n Comercial china en la Rep\u00fablica Dominicana"},"content":{"rendered":"<div class=\"fullNewsIntrotext\">SANTO DOMINGO, Rep\u00fablica Dominicana.- La Expo-China 2017, evento que cada a\u00f1o celebra esa naci\u00f3n asi\u00e1tica en la Rep\u00fablica Dominicana, comienza hoy en el Hotel Dominican Fiesta de esta capital.<\/div>\n<div><\/div>\n<div class=\"fullNewsFulltext\"><img loading=\"lazy\" decoding=\"async\" class=\"size-medium wp-image-295964 alignleft\" src=\"http:\/\/primermomento.com\/wp-content\/uploads\/2017\/11\/Dominicana-Expo-China-300x200.jpg\" alt=\"\" width=\"300\" height=\"200\" srcset=\"https:\/\/primermomento.com\/wp-content\/uploads\/2017\/11\/Dominicana-Expo-China-300x200.jpg 300w, https:\/\/primermomento.com\/wp-content\/uploads\/2017\/11\/Dominicana-Expo-China-73x50.jpg 73w, https:\/\/primermomento.com\/wp-content\/uploads\/2017\/11\/Dominicana-Expo-China-500x333.jpg 500w, https:\/\/primermomento.com\/wp-content\/uploads\/2017\/11\/Dominicana-Expo-China-280x186.jpg 280w, https:\/\/primermomento.com\/wp-content\/uploads\/2017\/11\/Dominicana-Expo-China-60x40.jpg 60w, https:\/\/primermomento.com\/wp-content\/uploads\/2017\/11\/Dominicana-Expo-China-638x425.jpg 638w, https:\/\/primermomento.com\/wp-content\/uploads\/2017\/11\/Dominicana-Expo-China-118x79.jpg 118w, https:\/\/primermomento.com\/wp-content\/uploads\/2017\/11\/Dominicana-Expo-China-479x319.jpg 479w, https:\/\/primermomento.com\/wp-content\/uploads\/2017\/11\/Dominicana-Expo-China.jpg 748w\" sizes=\"auto, (max-width: 300px) 100vw, 300px\" \/>Organizada por la Oficina de Desarrollo Comercial de China, el Consejo Chino para el Fomento del Comercio Internacional y la C\u00e1mara China de Comercio de la Rep\u00fablica Dominicana, el evento es una plataforma que tiene como prop\u00f3sito contribuir a la cooperaci\u00f3n econ\u00f3mico-comercial entre ambas naciones.<\/p>\n<p>Seg\u00fan sus organizadores, en la exposici\u00f3n, que concluir\u00e1 el pr\u00f3ximo 11 de noviembre, estar\u00e1n presentes cerca de 30 empresas chinas, las cuales expondr\u00e1n una amplia gama de productos.<\/p>\n<p>Est\u00e1 previsto que en horas de la tarde de este jueves sesione un Foro de Inversi\u00f3n Econ\u00f3mico-Comercial entre empresarios chinos y dominicanos.<\/p>\n<p>Expo-China, va para su s\u00e9ptima versi\u00f3n, se realiz\u00f3 por primera vez en el a\u00f1o 1999 y posteriormente continu\u00f3 en 2005, 2007, 2009, 2013 y 2016.<\/p><\/div>\n<div><\/div>\n<div style=\"text-align: right;\"><span style=\"color: #ff0000;\"><em>PL<\/em><\/span><\/div>\n","protected":false},"excerpt":{"rendered":"<p>SANTO DOMINGO, Rep\u00fablica Dominicana.- La Expo-China 2017, evento que cada a\u00f1o celebra esa naci\u00f3n asi\u00e1tica en la Rep\u00fablica Dominicana, comienza hoy en el Hotel Dominican Fiesta de esta capital. Organizada por la Oficina de Desarrollo Comercial de China, el Consejo Chino para el Fomento del Comercio Internacional y la C\u00e1mara China de Comercio de la [&hellip;]<\/p>\n","protected":false},"author":1,"featured_media":0,"comment_status":"open","ping_status":"open","sticky":false,"template":"","format":"standard","meta":{"_bbp_topic_count":0,"_bbp_reply_count":0,"_bbp_total_topic_count":0,"_bbp_total_reply_count":0,"_bbp_voice_count":0,"_bbp_anonymous_reply_count":0,"_bbp_topic_count_hidden":0,"_bbp_reply_count_hidden":0,"_bbp_forum_subforum_count":0,"footnotes":""},"categories":[35,60],"tags":[],"class_list":{"0":"post-295963","1":"post","2":"type-post","3":"status-publish","4":"format-standard","6":"category-economia","7":"category-titulares-del-dia"},"_links":{"self":[{"href":"https:\/\/primermomento.com\/index.php?rest_route=\/wp\/v2\/posts\/295963","targetHints":{"allow":["GET"]}}],"collection":[{"href":"https:\/\/primermomento.com\/index.php?rest_route=\/wp\/v2\/posts"}],"about":[{"href":"https:\/\/primermomento.com\/index.php?rest_route=\/wp\/v2\/types\/post"}],"author":[{"embeddable":true,"href":"https:\/\/primermomento.com\/index.php?rest_route=\/wp\/v2\/users\/1"}],"replies":[{"embeddable":true,"href":"https:\/\/primermomento.com\/index.php?rest_route=%2Fwp%2Fv2%2Fcomments&post=295963"}],"version-history":[{"count":0,"href":"https:\/\/primermomento.com\/index.php?rest_route=\/wp\/v2\/posts\/295963\/revisions"}],"wp:attachment":[{"href":"https:\/\/primermomento.com\/index.php?rest_route=%2Fwp%2Fv2%2Fmedia&parent=295963"}],"wp:term":[{"taxonomy":"category","embeddable":true,"href":"https:\/\/primermomento.com\/index.php?rest_route=%2Fwp%2Fv2%2Fcategories&post=295963"},{"taxonomy":"post_tag","embeddable":true,"href":"https:\/\/primermomento.com\/index.php?rest_route=%2Fwp%2Fv2%2Ftags&post=295963"}],"curies":[{"name":"wp","href":"https:\/\/api.w.org\/{rel}","templated":true}]}}