{"id":296004,"date":"2017-11-10T09:08:05","date_gmt":"2017-11-10T13:08:05","guid":{"rendered":"http:\/\/primermomento.com\/?p=296004"},"modified":"2017-11-10T15:10:18","modified_gmt":"2017-11-10T19:10:18","slug":"chicago-acogera-partido-de-las-estrellas-de-la-nba-en-2020","status":"publish","type":"post","link":"https:\/\/primermomento.com\/?p=296004","title":{"rendered":"Chicago acoger\u00e1 Partido de las Estrellas de la NBA en 2020"},"content":{"rendered":"<div class=\"fullNewsIntrotext\">CHICAGO, Illinois.- El United Center de Chicago acoger\u00e1 el Partido de las Estrellas de la Liga estadounidense de baloncesto (NBA) del 2020, aseguran hoy varias publicaciones deportivas.<\/div>\n<div><\/div>\n<div class=\"fullNewsFulltext\"><img loading=\"lazy\" decoding=\"async\" class=\"size-medium wp-image-296005 alignleft\" src=\"http:\/\/primermomento.com\/wp-content\/uploads\/2017\/11\/estrellas-nba-2020-300x160.jpg\" alt=\"\" width=\"300\" height=\"160\" srcset=\"https:\/\/primermomento.com\/wp-content\/uploads\/2017\/11\/estrellas-nba-2020-300x160.jpg 300w, https:\/\/primermomento.com\/wp-content\/uploads\/2017\/11\/estrellas-nba-2020-280x150.jpg 280w, https:\/\/primermomento.com\/wp-content\/uploads\/2017\/11\/estrellas-nba-2020-118x63.jpg 118w, https:\/\/primermomento.com\/wp-content\/uploads\/2017\/11\/estrellas-nba-2020.jpg 307w\" sizes=\"auto, (max-width: 300px) 100vw, 300px\" \/>De acuerdo con las fuentes, el comisionado de la NBA, Adam Silver, anunciar\u00e1 oficialmente la elecci\u00f3n este viernes.<\/p>\n<p>A Silver le acompa\u00f1ar\u00e1n el presidente y gerente de operaciones de los Bulls de Chicago, Michael Reinsdorf, el vicepresidente ejecutivo, John Paxson, y el alcalde de la ciudad, el dem\u00f3crata Rahm Emanuel.<\/p>\n<p>Esta ser\u00e1 la primera vez que los Bulls organicen el Fin de Semana de las Estrellas desde 1988, cuando el legendario Michael Jordan fue el ganador del premio de Jugador M\u00e1s Valioso (MVP) del partido y tambi\u00e9n del Concurso de clavadas.<\/p>\n<p>En 2018 el evento se celebrar\u00e1 en el Staples Center de Los \u00c1ngeles y un a\u00f1o despu\u00e9sser\u00e1 en el Spectrum Center de Charlotte.<\/p><\/div>\n<div><\/div>\n<div style=\"text-align: right;\"><span style=\"color: #ff0000;\"><em>PL<\/em><\/span><\/div>\n","protected":false},"excerpt":{"rendered":"<p>CHICAGO, Illinois.- El United Center de Chicago acoger\u00e1 el Partido de las Estrellas de la Liga estadounidense de baloncesto (NBA) del 2020, aseguran hoy varias publicaciones deportivas. De acuerdo con las fuentes, el comisionado de la NBA, Adam Silver, anunciar\u00e1 oficialmente la elecci\u00f3n este viernes. A Silver le acompa\u00f1ar\u00e1n el presidente y gerente de operaciones [&hellip;]<\/p>\n","protected":false},"author":1,"featured_media":0,"comment_status":"open","ping_status":"open","sticky":false,"template":"","format":"standard","meta":{"_bbp_topic_count":0,"_bbp_reply_count":0,"_bbp_total_topic_count":0,"_bbp_total_reply_count":0,"_bbp_voice_count":0,"_bbp_anonymous_reply_count":0,"_bbp_topic_count_hidden":0,"_bbp_reply_count_hidden":0,"_bbp_forum_subforum_count":0,"footnotes":""},"categories":[42,60],"tags":[],"class_list":{"0":"post-296004","1":"post","2":"type-post","3":"status-publish","4":"format-standard","6":"category-deportes","7":"category-titulares-del-dia"},"_links":{"self":[{"href":"https:\/\/primermomento.com\/index.php?rest_route=\/wp\/v2\/posts\/296004","targetHints":{"allow":["GET"]}}],"collection":[{"href":"https:\/\/primermomento.com\/index.php?rest_route=\/wp\/v2\/posts"}],"about":[{"href":"https:\/\/primermomento.com\/index.php?rest_route=\/wp\/v2\/types\/post"}],"author":[{"embeddable":true,"href":"https:\/\/primermomento.com\/index.php?rest_route=\/wp\/v2\/users\/1"}],"replies":[{"embeddable":true,"href":"https:\/\/primermomento.com\/index.php?rest_route=%2Fwp%2Fv2%2Fcomments&post=296004"}],"version-history":[{"count":0,"href":"https:\/\/primermomento.com\/index.php?rest_route=\/wp\/v2\/posts\/296004\/revisions"}],"wp:attachment":[{"href":"https:\/\/primermomento.com\/index.php?rest_route=%2Fwp%2Fv2%2Fmedia&parent=296004"}],"wp:term":[{"taxonomy":"category","embeddable":true,"href":"https:\/\/primermomento.com\/index.php?rest_route=%2Fwp%2Fv2%2Fcategories&post=296004"},{"taxonomy":"post_tag","embeddable":true,"href":"https:\/\/primermomento.com\/index.php?rest_route=%2Fwp%2Fv2%2Ftags&post=296004"}],"curies":[{"name":"wp","href":"https:\/\/api.w.org\/{rel}","templated":true}]}}