{"id":296070,"date":"2017-11-13T15:08:17","date_gmt":"2017-11-13T19:08:17","guid":{"rendered":"http:\/\/primermomento.com\/?p=296070"},"modified":"2017-11-13T15:08:17","modified_gmt":"2017-11-13T19:08:17","slug":"comienza-semana-clave-para-la-reforma-fiscal-republicana-en-eeuu","status":"publish","type":"post","link":"https:\/\/primermomento.com\/?p=296070","title":{"rendered":"Comienza semana clave para la reforma fiscal republicana en EEUU"},"content":{"rendered":"<div class=\"fullNewsIntrotext\">WASHINGTON, Distrito de Columbia.- Los republicanos del Congreso estadounidense comienzan hoy una semana crucial para sus intentos de aprobar el promovido proyecto de reforma fiscal del presidente Donald Trump, que podr\u00eda votarse el jueves en la C\u00e1mara de Representantes.<\/div>\n<div><\/div>\n<div class=\"fullNewsFulltext\"><img loading=\"lazy\" decoding=\"async\" class=\"size-medium wp-image-287665 alignleft\" src=\"http:\/\/primermomento.com\/wp-content\/uploads\/2017\/02\/EEUU-Congreso-300x200.jpg\" alt=\"\" width=\"300\" height=\"200\" srcset=\"https:\/\/primermomento.com\/wp-content\/uploads\/2017\/02\/EEUU-Congreso-300x200.jpg 300w, https:\/\/primermomento.com\/wp-content\/uploads\/2017\/02\/EEUU-Congreso-73x50.jpg 73w, https:\/\/primermomento.com\/wp-content\/uploads\/2017\/02\/EEUU-Congreso-500x333.jpg 500w, https:\/\/primermomento.com\/wp-content\/uploads\/2017\/02\/EEUU-Congreso-280x186.jpg 280w, https:\/\/primermomento.com\/wp-content\/uploads\/2017\/02\/EEUU-Congreso-60x40.jpg 60w, https:\/\/primermomento.com\/wp-content\/uploads\/2017\/02\/EEUU-Congreso-638x425.jpg 638w, https:\/\/primermomento.com\/wp-content\/uploads\/2017\/02\/EEUU-Congreso-118x79.jpg 118w, https:\/\/primermomento.com\/wp-content\/uploads\/2017\/02\/EEUU-Congreso-479x319.jpg 479w, https:\/\/primermomento.com\/wp-content\/uploads\/2017\/02\/EEUU-Congreso.jpg 748w\" sizes=\"auto, (max-width: 300px) 100vw, 300px\" \/>El Comit\u00e9 de Reglas de esa instancia legislativa se reunir\u00e1 el mi\u00e9rcoles para establecer un debate en el pleno, por lo cual se espera para el d\u00eda siguiente la votaci\u00f3n del plan que ya fue aprobado en el Comit\u00e9 de Medios y Arbitrios la pasada semana.<\/p>\n<p>De acuerdo con el portal digital The Hill, especializado en temas del Congreso, los l\u00edderes republicanos est\u00e1n acelerando la operaci\u00f3n de conteo de votos para garantizar que suficientes miembros de esa fuerza pol\u00edtica respalden la propuesta.<\/p>\n<p>Tal iniciativa, vista como la \u00faltima esperanza del jefe de la Casa Blanca de terminar con una victoria legislativa importante antes del cierre del a\u00f1o, muestra muchas m\u00e1s opciones de \u00e9xito que los fracasados intentos de derogar y reemplazar la normativa sanitaria conocida como Obamacare.<\/p>\n<p>Sin embargo, no todo parece seguro con este proyecto, fundamentalmente despu\u00e9s de que el Senado presentara una versi\u00f3n de ley con notables diferencias con respecto a la de la C\u00e1mara baja, lo cual para algunas fuentes amenaza el cumplimiento del plazo de fin de a\u00f1o.<\/p>\n<p>A ello se une que las victorias dem\u00f3cratas en las elecciones de Virginia y Nueva Jersey el martes pasado, vistas como un refer\u00e9ndum contra Trump, presionan m\u00e1s a la formaci\u00f3n roja para lograr la aprobaci\u00f3n de esta iniciativa.<\/p>\n<p>Varios legisladores del partido advierten que, de no conseguirlo, no tendr\u00e1n mucho que ofrecer a los votantes cuando busquen la reelecci\u00f3n en los comicios de medio t\u00e9rmino del pr\u00f3ximo a\u00f1o, especialmente despu\u00e9s de las mencionadas derrotas en materia de salud.<\/p>\n<p>Es improbable que alg\u00fan dem\u00f3crata de la C\u00e1mara baja vote a favor de la reforma fiscal, pero de cualquier modo el liderazgo republicano puede permitirse perder el apoyo de hasta 22 representantes y avalar la propuesta por s\u00ed solos.<\/p>\n<p>Seg\u00fan c\u00e1lculos de The Hill, menos de la mitad de ese n\u00famero ha rechazado hasta ahora la normativa entre las filas de la fuerza roja, aunque algunos congresistas de estados mayoritariamente dem\u00f3cratas donde se cobran altos impuestos expresaron su desacuerdo.<\/p>\n<p>Las propuestas de reforma fiscal de ambas c\u00e1maras del Congreso coinciden en buscar profundos recortes de impuestos para individuos y empresas, adem\u00e1s de una reformulaci\u00f3n del modo en que el pa\u00eds impone grav\u00e1menes a las multinacionales, que seg\u00fan varias fuentes saldr\u00edan beneficiadas.<\/p>\n<p>Pero ambos planes tienen diferencias como el hecho de que el Senado quiere esperar un a\u00f1o para reducir la tasa corporativa del 35 al 20 por ciento, y desea eliminar por completo deducciones estatales y locales.<\/p>\n<p>Otro de los varios elementos discordantes es que el dise\u00f1o de la C\u00e1mara alta mantiene vigentes siete tramos de impuestos para individuos, el mismo n\u00famero existente en la actualidad, mientras el otro plan pretende reducirlos a cuatro.<\/p><\/div>\n<div><\/div>\n<div style=\"text-align: right;\"><span style=\"color: #ff0000;\"><em>PL<\/em><\/span><\/div>\n","protected":false},"excerpt":{"rendered":"<p>WASHINGTON, Distrito de Columbia.- Los republicanos del Congreso estadounidense comienzan hoy una semana crucial para sus intentos de aprobar el promovido proyecto de reforma fiscal del presidente Donald Trump, que podr\u00eda votarse el jueves en la C\u00e1mara de Representantes. El Comit\u00e9 de Reglas de esa instancia legislativa se reunir\u00e1 el mi\u00e9rcoles para establecer un debate [&hellip;]<\/p>\n","protected":false},"author":1,"featured_media":0,"comment_status":"open","ping_status":"open","sticky":false,"template":"","format":"standard","meta":{"_bbp_topic_count":0,"_bbp_reply_count":0,"_bbp_total_topic_count":0,"_bbp_total_reply_count":0,"_bbp_voice_count":0,"_bbp_anonymous_reply_count":0,"_bbp_topic_count_hidden":0,"_bbp_reply_count_hidden":0,"_bbp_forum_subforum_count":0,"footnotes":""},"categories":[35,60],"tags":[],"class_list":{"0":"post-296070","1":"post","2":"type-post","3":"status-publish","4":"format-standard","6":"category-economia","7":"category-titulares-del-dia"},"_links":{"self":[{"href":"https:\/\/primermomento.com\/index.php?rest_route=\/wp\/v2\/posts\/296070","targetHints":{"allow":["GET"]}}],"collection":[{"href":"https:\/\/primermomento.com\/index.php?rest_route=\/wp\/v2\/posts"}],"about":[{"href":"https:\/\/primermomento.com\/index.php?rest_route=\/wp\/v2\/types\/post"}],"author":[{"embeddable":true,"href":"https:\/\/primermomento.com\/index.php?rest_route=\/wp\/v2\/users\/1"}],"replies":[{"embeddable":true,"href":"https:\/\/primermomento.com\/index.php?rest_route=%2Fwp%2Fv2%2Fcomments&post=296070"}],"version-history":[{"count":0,"href":"https:\/\/primermomento.com\/index.php?rest_route=\/wp\/v2\/posts\/296070\/revisions"}],"wp:attachment":[{"href":"https:\/\/primermomento.com\/index.php?rest_route=%2Fwp%2Fv2%2Fmedia&parent=296070"}],"wp:term":[{"taxonomy":"category","embeddable":true,"href":"https:\/\/primermomento.com\/index.php?rest_route=%2Fwp%2Fv2%2Fcategories&post=296070"},{"taxonomy":"post_tag","embeddable":true,"href":"https:\/\/primermomento.com\/index.php?rest_route=%2Fwp%2Fv2%2Ftags&post=296070"}],"curies":[{"name":"wp","href":"https:\/\/api.w.org\/{rel}","templated":true}]}}