{"id":296131,"date":"2017-11-15T09:33:51","date_gmt":"2017-11-15T13:33:51","guid":{"rendered":"http:\/\/primermomento.com\/?p=296131"},"modified":"2017-11-15T12:35:33","modified_gmt":"2017-11-15T16:35:33","slug":"disminuyen-reservas-internacionales-de-la-republica-dominicana","status":"publish","type":"post","link":"https:\/\/primermomento.com\/?p=296131","title":{"rendered":"Disminuyen reservas internacionales de la Rep\u00fablica Dominicana"},"content":{"rendered":"<div class=\"fullNewsIntrotext\">SANTO DOMINGO, Rep\u00fablica Dominicana.- Las reservas dominicanas de divisas bajaron a seis mil 169,1 millones de d\u00f3lares en el mes de septiembre con respecto a enero de este a\u00f1o, cuando exist\u00edan seis mil 707 millones, informaron medios de prensa.<\/div>\n<div><\/div>\n<div class=\"fullNewsFulltext\"><img loading=\"lazy\" decoding=\"async\" class=\"size-full wp-image-277773 alignleft\" src=\"http:\/\/primermomento.com\/wp-content\/uploads\/2016\/06\/Banco-Central-RD.jpg\" alt=\"\" width=\"276\" height=\"183\" srcset=\"https:\/\/primermomento.com\/wp-content\/uploads\/2016\/06\/Banco-Central-RD.jpg 276w, https:\/\/primermomento.com\/wp-content\/uploads\/2016\/06\/Banco-Central-RD-60x40.jpg 60w, https:\/\/primermomento.com\/wp-content\/uploads\/2016\/06\/Banco-Central-RD-118x78.jpg 118w, https:\/\/primermomento.com\/wp-content\/uploads\/2016\/06\/Banco-Central-RD-153x100.jpg 153w\" sizes=\"auto, (max-width: 276px) 100vw, 276px\" \/>De acuerdo con la informaci\u00f3n, el decrecimiento en el mencionado per\u00edodo fue de 537,9 millones de d\u00f3lares seg\u00fan estad\u00edsticas del Banco Central dominicano.<\/p>\n<p>El comportamiento de las Reservas Internacionales en este pa\u00eds en 2017 ha sido de altas y bajas como lo muestra el ente emisor en sus datos donde por ejemplo, en febrero estaban en seis mil 299,1 millones de d\u00f3lares y en marzo subieron a seis mil 456,4 millones.<\/p>\n<p>Pero en abril, bajaron hasta seis mil 316,5 millones de d\u00f3lares para en junio incrementarse y alcanzar los seis mil 512,8 millones y de nuevo caer en julio.<\/p>\n<p>Seg\u00fan el economista dominicano Miguel Collado, esos vaivenes se producen en este naci\u00f3n porque las reservas no se nutren del excedente o ahorros del gobierno como debiar ser, pues opera con d\u00e9ficit.<\/p>\n<p>Por ello, se\u00f1al\u00f3, en este pa\u00eds se ven los incrementos de las reservas cuando hay emisiones de bonos internacionales los cuales generan ingresos y una parte importante entra al Banco Central, &#8216;esa es la din\u00e1mica que se ha estado dando en los \u00faltimos a\u00f1os&#8217;.<\/p><\/div>\n<div><\/div>\n<div style=\"text-align: right;\"><span style=\"color: #ff0000;\"><em>PL<\/em><\/span><\/div>\n","protected":false},"excerpt":{"rendered":"<p>SANTO DOMINGO, Rep\u00fablica Dominicana.- Las reservas dominicanas de divisas bajaron a seis mil 169,1 millones de d\u00f3lares en el mes de septiembre con respecto a enero de este a\u00f1o, cuando exist\u00edan seis mil 707 millones, informaron medios de prensa. De acuerdo con la informaci\u00f3n, el decrecimiento en el mencionado per\u00edodo fue de 537,9 millones de [&hellip;]<\/p>\n","protected":false},"author":1,"featured_media":0,"comment_status":"open","ping_status":"open","sticky":false,"template":"","format":"standard","meta":{"_bbp_topic_count":0,"_bbp_reply_count":0,"_bbp_total_topic_count":0,"_bbp_total_reply_count":0,"_bbp_voice_count":0,"_bbp_anonymous_reply_count":0,"_bbp_topic_count_hidden":0,"_bbp_reply_count_hidden":0,"_bbp_forum_subforum_count":0,"footnotes":""},"categories":[35,60],"tags":[],"class_list":{"0":"post-296131","1":"post","2":"type-post","3":"status-publish","4":"format-standard","6":"category-economia","7":"category-titulares-del-dia"},"_links":{"self":[{"href":"https:\/\/primermomento.com\/index.php?rest_route=\/wp\/v2\/posts\/296131","targetHints":{"allow":["GET"]}}],"collection":[{"href":"https:\/\/primermomento.com\/index.php?rest_route=\/wp\/v2\/posts"}],"about":[{"href":"https:\/\/primermomento.com\/index.php?rest_route=\/wp\/v2\/types\/post"}],"author":[{"embeddable":true,"href":"https:\/\/primermomento.com\/index.php?rest_route=\/wp\/v2\/users\/1"}],"replies":[{"embeddable":true,"href":"https:\/\/primermomento.com\/index.php?rest_route=%2Fwp%2Fv2%2Fcomments&post=296131"}],"version-history":[{"count":0,"href":"https:\/\/primermomento.com\/index.php?rest_route=\/wp\/v2\/posts\/296131\/revisions"}],"wp:attachment":[{"href":"https:\/\/primermomento.com\/index.php?rest_route=%2Fwp%2Fv2%2Fmedia&parent=296131"}],"wp:term":[{"taxonomy":"category","embeddable":true,"href":"https:\/\/primermomento.com\/index.php?rest_route=%2Fwp%2Fv2%2Fcategories&post=296131"},{"taxonomy":"post_tag","embeddable":true,"href":"https:\/\/primermomento.com\/index.php?rest_route=%2Fwp%2Fv2%2Ftags&post=296131"}],"curies":[{"name":"wp","href":"https:\/\/api.w.org\/{rel}","templated":true}]}}