{"id":296798,"date":"2017-12-06T06:01:14","date_gmt":"2017-12-06T10:01:14","guid":{"rendered":"http:\/\/primermomento.com\/?p=296798"},"modified":"2017-12-06T12:32:32","modified_gmt":"2017-12-06T16:32:32","slug":"autoridades-deportivas-dominicanas-reciben-a-presidente-de-la-odepa","status":"publish","type":"post","link":"https:\/\/primermomento.com\/?p=296798","title":{"rendered":"Presidente de la Odepa ser\u00e1 recibido por Comit\u00e9 Ol\u00edmpico"},"content":{"rendered":"<div class=\"fullNewsIntrotext\">SANTO DOMINGO, Rep\u00fablica Dominicana.- Este pa\u00eds recibe hoy al presidente de la Organizaci\u00f3n Deportiva Panamericana (Odepa), el chileno Neven Ilic, quien realizar\u00e1 una visita de dos d\u00edas para sostener encuentros con las autoridades deportivas de esta naci\u00f3n caribe\u00f1a.<\/div>\n<div><\/div>\n<div class=\"fullNewsFulltext\">\n<p><img loading=\"lazy\" decoding=\"async\" class=\"size-medium wp-image-296799 alignleft\" src=\"http:\/\/primermomento.com\/wp-content\/uploads\/2017\/12\/Neven-Ilic-300x200.jpg\" alt=\"\" width=\"300\" height=\"200\" srcset=\"https:\/\/primermomento.com\/wp-content\/uploads\/2017\/12\/Neven-Ilic-300x200.jpg 300w, https:\/\/primermomento.com\/wp-content\/uploads\/2017\/12\/Neven-Ilic-73x50.jpg 73w, https:\/\/primermomento.com\/wp-content\/uploads\/2017\/12\/Neven-Ilic-500x333.jpg 500w, https:\/\/primermomento.com\/wp-content\/uploads\/2017\/12\/Neven-Ilic-280x186.jpg 280w, https:\/\/primermomento.com\/wp-content\/uploads\/2017\/12\/Neven-Ilic-60x40.jpg 60w, https:\/\/primermomento.com\/wp-content\/uploads\/2017\/12\/Neven-Ilic-638x425.jpg 638w, https:\/\/primermomento.com\/wp-content\/uploads\/2017\/12\/Neven-Ilic-118x79.jpg 118w, https:\/\/primermomento.com\/wp-content\/uploads\/2017\/12\/Neven-Ilic-479x319.jpg 479w, https:\/\/primermomento.com\/wp-content\/uploads\/2017\/12\/Neven-Ilic.jpg 748w\" sizes=\"auto, (max-width: 300px) 100vw, 300px\" \/>De acuerdo con el portal digital del Comit\u00e9 Ol\u00edmpico Dominicano, Ilic viene con el objetivo de conocer directamente los planes y proyectos que ejecuta el movimiento deportivo dominicano.<\/p>\n<p>Asimismo, visitar\u00e1 al ministro de Deportes, Danilo D\u00edaz, para intercambiar acerca del deporte dominicano, su presente y las perspectivas.<\/p>\n<p>El presidente de la Odepa, quien tambi\u00e9n es miembro del Comit\u00e9 Ol\u00edmpico Internacional, asumi\u00f3 la direcci\u00f3n de esa organizaci\u00f3n deportiva en abril pasado por un per\u00edodo de cuatro a\u00f1os.<\/p>\n<\/div>\n<div><\/div>\n<div style=\"text-align: right;\"><span style=\"color: #ff0000;\"><em>PL<\/em><\/span><\/div>\n<div><\/div>\n","protected":false},"excerpt":{"rendered":"<p>SANTO DOMINGO, Rep\u00fablica Dominicana.- Este pa\u00eds recibe hoy al presidente de la Organizaci\u00f3n Deportiva Panamericana (Odepa), el chileno Neven Ilic, quien realizar\u00e1 una visita de dos d\u00edas para sostener encuentros con las autoridades deportivas de esta naci\u00f3n caribe\u00f1a. De acuerdo con el portal digital del Comit\u00e9 Ol\u00edmpico Dominicano, Ilic viene con el objetivo de conocer [&hellip;]<\/p>\n","protected":false},"author":1,"featured_media":0,"comment_status":"open","ping_status":"open","sticky":false,"template":"","format":"standard","meta":{"_bbp_topic_count":0,"_bbp_reply_count":0,"_bbp_total_topic_count":0,"_bbp_total_reply_count":0,"_bbp_voice_count":0,"_bbp_anonymous_reply_count":0,"_bbp_topic_count_hidden":0,"_bbp_reply_count_hidden":0,"_bbp_forum_subforum_count":0,"footnotes":""},"categories":[42,60],"tags":[],"class_list":{"0":"post-296798","1":"post","2":"type-post","3":"status-publish","4":"format-standard","6":"category-deportes","7":"category-titulares-del-dia"},"_links":{"self":[{"href":"https:\/\/primermomento.com\/index.php?rest_route=\/wp\/v2\/posts\/296798","targetHints":{"allow":["GET"]}}],"collection":[{"href":"https:\/\/primermomento.com\/index.php?rest_route=\/wp\/v2\/posts"}],"about":[{"href":"https:\/\/primermomento.com\/index.php?rest_route=\/wp\/v2\/types\/post"}],"author":[{"embeddable":true,"href":"https:\/\/primermomento.com\/index.php?rest_route=\/wp\/v2\/users\/1"}],"replies":[{"embeddable":true,"href":"https:\/\/primermomento.com\/index.php?rest_route=%2Fwp%2Fv2%2Fcomments&post=296798"}],"version-history":[{"count":0,"href":"https:\/\/primermomento.com\/index.php?rest_route=\/wp\/v2\/posts\/296798\/revisions"}],"wp:attachment":[{"href":"https:\/\/primermomento.com\/index.php?rest_route=%2Fwp%2Fv2%2Fmedia&parent=296798"}],"wp:term":[{"taxonomy":"category","embeddable":true,"href":"https:\/\/primermomento.com\/index.php?rest_route=%2Fwp%2Fv2%2Fcategories&post=296798"},{"taxonomy":"post_tag","embeddable":true,"href":"https:\/\/primermomento.com\/index.php?rest_route=%2Fwp%2Fv2%2Ftags&post=296798"}],"curies":[{"name":"wp","href":"https:\/\/api.w.org\/{rel}","templated":true}]}}