{"id":296997,"date":"2017-12-13T08:13:30","date_gmt":"2017-12-13T12:13:30","guid":{"rendered":"http:\/\/primermomento.com\/?p=296997"},"modified":"2017-12-13T14:17:00","modified_gmt":"2017-12-13T18:17:00","slug":"celebraran-en-estados-unidos-reunion-abierta-sobre-reforma-fiscal","status":"publish","type":"post","link":"https:\/\/primermomento.com\/?p=296997","title":{"rendered":"Celebrar\u00e1n en Estados Unidos reuni\u00f3n abierta sobre reforma fiscal"},"content":{"rendered":"<div class=\"fullNewsIntrotext\">WASHINGTON, Distrito de Columbia.- El proceso conciliatorio, conocido como conferencia, entre el Senado y la C\u00e1mara de Representantes de Estados Unidos para llegar a una propuesta final de ley de reforma fiscal tendr\u00e1 hoy un encuentro abierto.<\/div>\n<div><\/div>\n<div class=\"fullNewsFulltext\"><img loading=\"lazy\" decoding=\"async\" class=\"size-medium wp-image-296998 alignleft\" src=\"http:\/\/primermomento.com\/wp-content\/uploads\/2017\/12\/senado-300x200.jpg\" alt=\"\" width=\"300\" height=\"200\" srcset=\"https:\/\/primermomento.com\/wp-content\/uploads\/2017\/12\/senado-300x200.jpg 300w, https:\/\/primermomento.com\/wp-content\/uploads\/2017\/12\/senado-73x50.jpg 73w, https:\/\/primermomento.com\/wp-content\/uploads\/2017\/12\/senado-500x333.jpg 500w, https:\/\/primermomento.com\/wp-content\/uploads\/2017\/12\/senado-280x186.jpg 280w, https:\/\/primermomento.com\/wp-content\/uploads\/2017\/12\/senado-60x40.jpg 60w, https:\/\/primermomento.com\/wp-content\/uploads\/2017\/12\/senado-638x425.jpg 638w, https:\/\/primermomento.com\/wp-content\/uploads\/2017\/12\/senado-118x79.jpg 118w, https:\/\/primermomento.com\/wp-content\/uploads\/2017\/12\/senado-479x319.jpg 479w, https:\/\/primermomento.com\/wp-content\/uploads\/2017\/12\/senado.jpg 748w\" sizes=\"auto, (max-width: 300px) 100vw, 300px\" \/>Nuestra reuni\u00f3n ser\u00e1 una oportunidad para debatir las ideas de esta iniciativa a favor del crecimiento, que ayudar\u00e1 a mejorar las vidas de todos los estadounidenses, expres\u00f3 Kevin Brady, presidente del Comit\u00e9 de Medios y Arbitrios de la C\u00e1mara baja al anunciar recientemente el evento.<\/p>\n<p>Estamos comprometidos a entregar la Ley de reducci\u00f3n de impuestos y empleos al escritorio del presidente, Donald Trump, este a\u00f1o y cumplir nuestra promesa a las personas del pa\u00eds, agreg\u00f3 en un comunicado el legislador republicano por Texas.<\/p>\n<p>Ambas instancias aprobaron en d\u00edas pasados sus respectivas versiones de la norma, y ahora trabajan por lograr una variante \u00fanica para enviarla a la valoraci\u00f3n y posible firma del jefe de la Casa Blanca.<\/p>\n<p>Una de las divergencias m\u00e1s marcadas radica en que la opci\u00f3n del Senado incluye eliminar el llamado mandato individual de la Ley de Protecci\u00f3n al Paciente y Cuidado de Salud Asequible (Obamacare).<\/p>\n<p>Dicha disposici\u00f3n obliga a la mayor\u00eda de las personas a tener un seguro m\u00e9dico o en caso contrario a sufrir una multa.<\/p>\n<p>Asimismo, existen diferencias en la cantidad de tasas tributarias individuales y en el tiempo que estar\u00e1 vigente la reducci\u00f3n fiscal para la gente, el impuesto m\u00ednimo alternativo y las disposiciones relacionadas con los negocios de transferencia.<\/p>\n<p>Trump, m\u00e1ximo impulsor de la reforma fiscal y quien busca el primer gran triunfo a nivel legislativo, desea tener sobre su escritorio el proyecto final con vistas a rubricarlo antes de Navidad (25 de diciembre).<\/p>\n<p>Como elementos m\u00e1s importantes, la propuesta reduce los impuestos individuales y corporativos, y debe aumentar, seg\u00fan varios estudios, en un bill\u00f3n (mill\u00f3n de millones) de d\u00f3lares el d\u00e9ficit del pa\u00eds.<\/p>\n<p>Mientras el mandatario y los republicanos defienden la reforma fiscal como una v\u00eda para aumentar el crecimiento, la competitividad y el empleo, y se\u00f1alan a la clase media como la gran beneficiada, los dem\u00f3cratas sostienen que las personas m\u00e1s acaudaladas tendr\u00e1n los mayores beneficios.<\/p>\n<p>Adem\u00e1s, condenan el gran incremento de la deuda que supondr\u00e1 dicha iniciativa, un argumento que el partido rojo refuta al afirmar que el aumento del d\u00e9ficit resultar\u00e1 compensado por el crecimiento de la econom\u00eda.<\/p>\n<p>Sin embargo, algunos estudios sobre el tema indican que el esperado ascenso del Producto Interno Bruto quedar\u00e1 muy por debajo de las previsiones republicanas.<\/p><\/div>\n<div><\/div>\n<div><span style=\"color: #ff0000;\"><em>PL<\/em><\/span><\/div>\n","protected":false},"excerpt":{"rendered":"<p>WASHINGTON, Distrito de Columbia.- El proceso conciliatorio, conocido como conferencia, entre el Senado y la C\u00e1mara de Representantes de Estados Unidos para llegar a una propuesta final de ley de reforma fiscal tendr\u00e1 hoy un encuentro abierto. Nuestra reuni\u00f3n ser\u00e1 una oportunidad para debatir las ideas de esta iniciativa a favor del crecimiento, que ayudar\u00e1 [&hellip;]<\/p>\n","protected":false},"author":1,"featured_media":0,"comment_status":"open","ping_status":"open","sticky":false,"template":"","format":"standard","meta":{"_bbp_topic_count":0,"_bbp_reply_count":0,"_bbp_total_topic_count":0,"_bbp_total_reply_count":0,"_bbp_voice_count":0,"_bbp_anonymous_reply_count":0,"_bbp_topic_count_hidden":0,"_bbp_reply_count_hidden":0,"_bbp_forum_subforum_count":0,"footnotes":""},"categories":[35,60],"tags":[],"class_list":{"0":"post-296997","1":"post","2":"type-post","3":"status-publish","4":"format-standard","6":"category-economia","7":"category-titulares-del-dia"},"_links":{"self":[{"href":"https:\/\/primermomento.com\/index.php?rest_route=\/wp\/v2\/posts\/296997","targetHints":{"allow":["GET"]}}],"collection":[{"href":"https:\/\/primermomento.com\/index.php?rest_route=\/wp\/v2\/posts"}],"about":[{"href":"https:\/\/primermomento.com\/index.php?rest_route=\/wp\/v2\/types\/post"}],"author":[{"embeddable":true,"href":"https:\/\/primermomento.com\/index.php?rest_route=\/wp\/v2\/users\/1"}],"replies":[{"embeddable":true,"href":"https:\/\/primermomento.com\/index.php?rest_route=%2Fwp%2Fv2%2Fcomments&post=296997"}],"version-history":[{"count":0,"href":"https:\/\/primermomento.com\/index.php?rest_route=\/wp\/v2\/posts\/296997\/revisions"}],"wp:attachment":[{"href":"https:\/\/primermomento.com\/index.php?rest_route=%2Fwp%2Fv2%2Fmedia&parent=296997"}],"wp:term":[{"taxonomy":"category","embeddable":true,"href":"https:\/\/primermomento.com\/index.php?rest_route=%2Fwp%2Fv2%2Fcategories&post=296997"},{"taxonomy":"post_tag","embeddable":true,"href":"https:\/\/primermomento.com\/index.php?rest_route=%2Fwp%2Fv2%2Ftags&post=296997"}],"curies":[{"name":"wp","href":"https:\/\/api.w.org\/{rel}","templated":true}]}}