{"id":297129,"date":"2017-12-16T06:14:47","date_gmt":"2017-12-16T10:14:47","guid":{"rendered":"http:\/\/primermomento.com\/?p=297129"},"modified":"2017-12-16T17:18:06","modified_gmt":"2017-12-16T21:18:06","slug":"messi-e-ibarguen-los-mejores-de-2017-segun-canal-salvadoreno","status":"publish","type":"post","link":"https:\/\/primermomento.com\/?p=297129","title":{"rendered":"Messi e Ibarg\u00fcen, los mejores de 2017 seg\u00fan canal salvadore\u00f1o"},"content":{"rendered":"<div class=\"fullNewsIntrotext\">SAN SALVADOR, El Salvador.- El argentino Lionel Messi y la colombiana Catherine Ibarg\u00fcen recibieron hoy el voto del canal salvadore\u00f1o Gentev\u00e9 en el sondeo de Prensa Latina para elegir los mejores deportistas latinoamericanos de 2017.<\/div>\n<div><\/div>\n<div class=\"fullNewsFulltext\"><img loading=\"lazy\" decoding=\"async\" class=\"size-medium wp-image-297130 alignleft\" src=\"http:\/\/primermomento.com\/wp-content\/uploads\/2017\/12\/encuesta-300x200.jpg\" alt=\"\" width=\"300\" height=\"200\" srcset=\"https:\/\/primermomento.com\/wp-content\/uploads\/2017\/12\/encuesta-300x200.jpg 300w, https:\/\/primermomento.com\/wp-content\/uploads\/2017\/12\/encuesta-73x50.jpg 73w, https:\/\/primermomento.com\/wp-content\/uploads\/2017\/12\/encuesta-500x333.jpg 500w, https:\/\/primermomento.com\/wp-content\/uploads\/2017\/12\/encuesta-280x186.jpg 280w, https:\/\/primermomento.com\/wp-content\/uploads\/2017\/12\/encuesta-60x40.jpg 60w, https:\/\/primermomento.com\/wp-content\/uploads\/2017\/12\/encuesta-638x425.jpg 638w, https:\/\/primermomento.com\/wp-content\/uploads\/2017\/12\/encuesta-118x79.jpg 118w, https:\/\/primermomento.com\/wp-content\/uploads\/2017\/12\/encuesta-479x319.jpg 479w, https:\/\/primermomento.com\/wp-content\/uploads\/2017\/12\/encuesta.jpg 748w\" sizes=\"auto, (max-width: 300px) 100vw, 300px\" \/>Tras una tormenta de ideas, el colectivo period\u00edstico de Gentev\u00e9 destac\u00f3 el desempe\u00f1o de la &#8216;Pulga&#8217; Messi a nivel de clubes y de selecci\u00f3n, as\u00ed como la trayectoria y consistencia de la triplista antioque\u00f1a.<\/p>\n<p>La televisora que ocupa el Canal 29 de la frecuencia local consider\u00f3 adem\u00e1s que la selecci\u00f3n brasile\u00f1a de voleibol, rama femenina, fue el mejor equipo del a\u00f1o por sus triunfos en el Grand Prix y la Copa Sudamericana.<\/p>\n<p>M\u00faltiples medios salvadore\u00f1os votaron ya en la encuesta iniciada por Prensa Latina en 1964, y cuyo primer ganador fue el velocista cubano Enrique Figuerola, medallista de plata en los Juego Ol\u00edmpicos de Tok\u00edo.<\/p>\n<p>En 1980 fue incluida la categor\u00eda de Mejor Equipo del A\u00f1o y en 1988 empez\u00f3 a distinguirse por separado a hombres y mujeres, con la nadadora costarricense Silvia Poll como la primera triunfadora femenina.<\/p><\/div>\n<div><\/div>\n<div style=\"text-align: right;\"><span style=\"color: #ff0000;\"><em>PL<\/em><\/span><\/div>\n","protected":false},"excerpt":{"rendered":"<p>SAN SALVADOR, El Salvador.- El argentino Lionel Messi y la colombiana Catherine Ibarg\u00fcen recibieron hoy el voto del canal salvadore\u00f1o Gentev\u00e9 en el sondeo de Prensa Latina para elegir los mejores deportistas latinoamericanos de 2017. Tras una tormenta de ideas, el colectivo period\u00edstico de Gentev\u00e9 destac\u00f3 el desempe\u00f1o de la &#8216;Pulga&#8217; Messi a nivel de [&hellip;]<\/p>\n","protected":false},"author":1,"featured_media":0,"comment_status":"open","ping_status":"open","sticky":false,"template":"","format":"standard","meta":{"_bbp_topic_count":0,"_bbp_reply_count":0,"_bbp_total_topic_count":0,"_bbp_total_reply_count":0,"_bbp_voice_count":0,"_bbp_anonymous_reply_count":0,"_bbp_topic_count_hidden":0,"_bbp_reply_count_hidden":0,"_bbp_forum_subforum_count":0,"footnotes":""},"categories":[42,60],"tags":[],"class_list":{"0":"post-297129","1":"post","2":"type-post","3":"status-publish","4":"format-standard","6":"category-deportes","7":"category-titulares-del-dia"},"_links":{"self":[{"href":"https:\/\/primermomento.com\/index.php?rest_route=\/wp\/v2\/posts\/297129","targetHints":{"allow":["GET"]}}],"collection":[{"href":"https:\/\/primermomento.com\/index.php?rest_route=\/wp\/v2\/posts"}],"about":[{"href":"https:\/\/primermomento.com\/index.php?rest_route=\/wp\/v2\/types\/post"}],"author":[{"embeddable":true,"href":"https:\/\/primermomento.com\/index.php?rest_route=\/wp\/v2\/users\/1"}],"replies":[{"embeddable":true,"href":"https:\/\/primermomento.com\/index.php?rest_route=%2Fwp%2Fv2%2Fcomments&post=297129"}],"version-history":[{"count":0,"href":"https:\/\/primermomento.com\/index.php?rest_route=\/wp\/v2\/posts\/297129\/revisions"}],"wp:attachment":[{"href":"https:\/\/primermomento.com\/index.php?rest_route=%2Fwp%2Fv2%2Fmedia&parent=297129"}],"wp:term":[{"taxonomy":"category","embeddable":true,"href":"https:\/\/primermomento.com\/index.php?rest_route=%2Fwp%2Fv2%2Fcategories&post=297129"},{"taxonomy":"post_tag","embeddable":true,"href":"https:\/\/primermomento.com\/index.php?rest_route=%2Fwp%2Fv2%2Ftags&post=297129"}],"curies":[{"name":"wp","href":"https:\/\/api.w.org\/{rel}","templated":true}]}}