{"id":297150,"date":"2017-12-19T08:18:37","date_gmt":"2017-12-19T12:18:37","guid":{"rendered":"http:\/\/primermomento.com\/?p=297150"},"modified":"2017-12-19T10:21:55","modified_gmt":"2017-12-19T14:21:55","slug":"camara-baja-de-eeuu-votara-proyecto-final-de-reforma-fiscal","status":"publish","type":"post","link":"https:\/\/primermomento.com\/?p=297150","title":{"rendered":"C\u00e1mara baja de EEUU votar\u00e1 proyecto final de reforma fiscal"},"content":{"rendered":"<div class=\"fullNewsIntrotext\">WASHINGTON, Distrito de Columbia.- La C\u00e1mara de Representantes de Estados Unidos votar\u00e1 hoy el proyecto republicano de reforma fiscal, una iniciativa que debe recibir el apoyo suficiente para convertirse en ley y dar al presidente Donald Trump su primera gran victoria legislativa.<\/div>\n<div><\/div>\n<div class=\"fullNewsFulltext\"><img loading=\"lazy\" decoding=\"async\" class=\"size-medium wp-image-297151 alignleft\" src=\"http:\/\/primermomento.com\/wp-content\/uploads\/2017\/12\/eeuu-reforma-fiscal-documentos-300x200.jpg\" alt=\"\" width=\"300\" height=\"200\" srcset=\"https:\/\/primermomento.com\/wp-content\/uploads\/2017\/12\/eeuu-reforma-fiscal-documentos-300x200.jpg 300w, https:\/\/primermomento.com\/wp-content\/uploads\/2017\/12\/eeuu-reforma-fiscal-documentos-73x50.jpg 73w, https:\/\/primermomento.com\/wp-content\/uploads\/2017\/12\/eeuu-reforma-fiscal-documentos-500x333.jpg 500w, https:\/\/primermomento.com\/wp-content\/uploads\/2017\/12\/eeuu-reforma-fiscal-documentos-280x186.jpg 280w, https:\/\/primermomento.com\/wp-content\/uploads\/2017\/12\/eeuu-reforma-fiscal-documentos-60x40.jpg 60w, https:\/\/primermomento.com\/wp-content\/uploads\/2017\/12\/eeuu-reforma-fiscal-documentos-638x425.jpg 638w, https:\/\/primermomento.com\/wp-content\/uploads\/2017\/12\/eeuu-reforma-fiscal-documentos-118x79.jpg 118w, https:\/\/primermomento.com\/wp-content\/uploads\/2017\/12\/eeuu-reforma-fiscal-documentos-479x319.jpg 479w, https:\/\/primermomento.com\/wp-content\/uploads\/2017\/12\/eeuu-reforma-fiscal-documentos.jpg 748w\" sizes=\"auto, (max-width: 300px) 100vw, 300px\" \/>La propuesta se someter\u00e1 a consideraci\u00f3n del pleno despu\u00e9s de pasar anoche por el Comit\u00e9 de Reglas de esa instancia, y los miembros del partido rojo planean que se dirija al Senado este mismo martes o ma\u00f1ana, con vistas a tenerla a m\u00e1s tardar el viernes en la mesa de Trump lista para ratificaci\u00f3n.<\/p>\n<p>El dise\u00f1o, al cual se oponen los dem\u00f3cratas, es resultado de combinar las versiones independientes aprobadas por ambos \u00f3rganos en semanas pasadas, aunque tambi\u00e9n contiene algunas disposiciones agregadas durante el proceso de conciliaci\u00f3n conocido como conferencia.<\/p>\n<p>De acuerdo con el no partidista Centro de Pol\u00edtica Tributaria, la iniciativa trae un poco m\u00e1s de alivio impositivo para la clase media que los esbozos anteriores, pero los ricos siguen siendo los principales ganadores del plan.<\/p>\n<p>En un informe difundido el lunes la instituci\u00f3n estim\u00f3 que el proyecto de ley del Partido Republicano reducir\u00eda los impuestos para el 95 por ciento de los estadounidenses en 2018, aunque los recortes para las personas de mayores ingresos superan con creces los que recibir\u00e1n quienes ganan menos.<\/p>\n<p>Para el a\u00f1o pr\u00f3ximo los contribuyentes que devengan menos de 25 mil d\u00f3lares anuales obtendr\u00edan un recorte de cerca de 60 d\u00f3lares, mientras quienes ganan de 49 mil a 86 mil ver\u00edan sus tributos disminuidos en 900 d\u00f3lares.<\/p>\n<p>En tanto, quienes devengan de 308 mil a 733 mil recibir\u00edan una rebaja promedio de 13 mil d\u00f3lares, y aquellos que ganan m\u00e1s de 733 mil dejar\u00edan de pagar 51 mil d\u00f3lares.<\/p>\n<p>Adem\u00e1s, los legisladores redujeron la tasa impositiva sobre los ingresos superiores a un mill\u00f3n de d\u00f3lares, pero tambi\u00e9n agregaron nuevos beneficios para las familias de ingresos bajos y medianos que buscan aprovechar un cr\u00e9dito fiscal infantil recientemente ampliado.<\/p>\n<p>Mark Mazur, director del Centro de Pol\u00edtica Tributaria, concluy\u00f3 que el proyecto del Senado fue menos agresivo que el de la C\u00e1mara baja, y este \u00faltimo resulta mejor que los dos anteriores, &#8216;pero, en general, el acuerdo de la conferencia es m\u00e1s regresivo que la ley actual&#8217;.<\/p>\n<p>Del modo en que est\u00e1 escrita, la propuesta se vuelve menos generosa para los contribuyentes con el paso de los a\u00f1os, ya que muchos de los beneficios fiscales individuales tienen fecha de expiraci\u00f3n.<\/p>\n<p>Aunque los republicanos sostienen que los futuros legisladores intervendr\u00e1n para evitar que los beneficios terminen, como est\u00e1 planteada la iniciativa actualmente se prev\u00e9 que en 2027 el 53 por ciento de los estadounidenses pague m\u00e1s en impuestos.<\/p>\n<p>En tanto, el elemento fundamental del plan, la disminuci\u00f3n de la tasa corporativa del 35 por ciento actual a un 21 por ciento, no tiene fecha de caducidad.<\/p><\/div>\n<div><\/div>\n<div style=\"text-align: right;\"><em><span style=\"color: #ff0000;\">PL<\/span><\/em><\/div>\n","protected":false},"excerpt":{"rendered":"<p>WASHINGTON, Distrito de Columbia.- La C\u00e1mara de Representantes de Estados Unidos votar\u00e1 hoy el proyecto republicano de reforma fiscal, una iniciativa que debe recibir el apoyo suficiente para convertirse en ley y dar al presidente Donald Trump su primera gran victoria legislativa. La propuesta se someter\u00e1 a consideraci\u00f3n del pleno despu\u00e9s de pasar anoche por [&hellip;]<\/p>\n","protected":false},"author":1,"featured_media":0,"comment_status":"open","ping_status":"open","sticky":false,"template":"","format":"standard","meta":{"_bbp_topic_count":0,"_bbp_reply_count":0,"_bbp_total_topic_count":0,"_bbp_total_reply_count":0,"_bbp_voice_count":0,"_bbp_anonymous_reply_count":0,"_bbp_topic_count_hidden":0,"_bbp_reply_count_hidden":0,"_bbp_forum_subforum_count":0,"footnotes":""},"categories":[35,60],"tags":[],"class_list":{"0":"post-297150","1":"post","2":"type-post","3":"status-publish","4":"format-standard","6":"category-economia","7":"category-titulares-del-dia"},"_links":{"self":[{"href":"https:\/\/primermomento.com\/index.php?rest_route=\/wp\/v2\/posts\/297150","targetHints":{"allow":["GET"]}}],"collection":[{"href":"https:\/\/primermomento.com\/index.php?rest_route=\/wp\/v2\/posts"}],"about":[{"href":"https:\/\/primermomento.com\/index.php?rest_route=\/wp\/v2\/types\/post"}],"author":[{"embeddable":true,"href":"https:\/\/primermomento.com\/index.php?rest_route=\/wp\/v2\/users\/1"}],"replies":[{"embeddable":true,"href":"https:\/\/primermomento.com\/index.php?rest_route=%2Fwp%2Fv2%2Fcomments&post=297150"}],"version-history":[{"count":0,"href":"https:\/\/primermomento.com\/index.php?rest_route=\/wp\/v2\/posts\/297150\/revisions"}],"wp:attachment":[{"href":"https:\/\/primermomento.com\/index.php?rest_route=%2Fwp%2Fv2%2Fmedia&parent=297150"}],"wp:term":[{"taxonomy":"category","embeddable":true,"href":"https:\/\/primermomento.com\/index.php?rest_route=%2Fwp%2Fv2%2Fcategories&post=297150"},{"taxonomy":"post_tag","embeddable":true,"href":"https:\/\/primermomento.com\/index.php?rest_route=%2Fwp%2Fv2%2Ftags&post=297150"}],"curies":[{"name":"wp","href":"https:\/\/api.w.org\/{rel}","templated":true}]}}