{"id":297156,"date":"2017-12-19T07:26:51","date_gmt":"2017-12-19T11:26:51","guid":{"rendered":"http:\/\/primermomento.com\/?p=297156"},"modified":"2017-12-19T10:30:02","modified_gmt":"2017-12-19T14:30:02","slug":"lakers-retiran-numeros-de-emblematico-jugador-kobe-bryant","status":"publish","type":"post","link":"https:\/\/primermomento.com\/?p=297156","title":{"rendered":"Lakers retiran n\u00fameros de embl\u00e9matico jugador Kobe Bryant"},"content":{"rendered":"<div class=\"fullNewsIntrotext\">LOS \u00c1NGELES, California.- Lakers de Los \u00c1ngeles retiraron los n\u00fameros ocho y 24 que us\u00f3 Kobe Bryant en esa franquicia de la NBA como reconocimiento a la excelsa carrera del jugador, destacan hoy varios medios deportivos.<\/div>\n<div><\/div>\n<div class=\"fullNewsFulltext\"><img loading=\"lazy\" decoding=\"async\" class=\"size-medium wp-image-297157 alignleft\" src=\"http:\/\/primermomento.com\/wp-content\/uploads\/2017\/12\/lakers-300x200.jpg\" alt=\"\" width=\"300\" height=\"200\" srcset=\"https:\/\/primermomento.com\/wp-content\/uploads\/2017\/12\/lakers-300x200.jpg 300w, https:\/\/primermomento.com\/wp-content\/uploads\/2017\/12\/lakers-73x50.jpg 73w, https:\/\/primermomento.com\/wp-content\/uploads\/2017\/12\/lakers-500x333.jpg 500w, https:\/\/primermomento.com\/wp-content\/uploads\/2017\/12\/lakers-280x186.jpg 280w, https:\/\/primermomento.com\/wp-content\/uploads\/2017\/12\/lakers-60x40.jpg 60w, https:\/\/primermomento.com\/wp-content\/uploads\/2017\/12\/lakers-638x425.jpg 638w, https:\/\/primermomento.com\/wp-content\/uploads\/2017\/12\/lakers-118x79.jpg 118w, https:\/\/primermomento.com\/wp-content\/uploads\/2017\/12\/lakers-479x319.jpg 479w, https:\/\/primermomento.com\/wp-content\/uploads\/2017\/12\/lakers.jpg 748w\" sizes=\"auto, (max-width: 300px) 100vw, 300px\" \/>El hist\u00f3rico momento se vivi\u00f3 en el descanso del partido que disputaron en la noche de este lunes el equipo angelino y los actuales campeones de la NBA, Golden State Warriors, que concluy\u00f3 en tiempo extra a favor de los visitantes 116-114.<\/p>\n<p>A pesar del magn\u00edfico espect\u00e1culo que ofrecieron los dos conjuntos sobre la duela del Staples Center, la atenci\u00f3n la acapar\u00f3 el emblem\u00e1tico escolta de 39 a\u00f1os que visti\u00f3 durante 20 temporadas los colores p\u00farpura y oro.<\/p>\n<p>En la emotiva ceremonia, Bryant estuvo acompa\u00f1ado de su esposa, hijos y excompa\u00f1eros de varios a\u00f1os, aunque se hizo notar la ausencia del exentrenador Phil Jackson, ahora gerente general de los Knicks de Nueva York, el t\u00e9cnico que lo acompa\u00f1\u00f3 durante 11 campa\u00f1as y en sus mejores logros.<\/p>\n<p>Conocido como la &#8216;mamba negra&#8217;, debut\u00f3 con Lakers en 1996 con apenas 18 a\u00f1os y visti\u00f3 la franela n\u00famero ocho durante sus primeros 10 campeonatos, para dar paso al 24, d\u00edgito que usara en su etapa de preuniversitario, en la d\u00e9cada final de su trayectoria en el mejor baloncesto del mundo.<\/p>\n<p>Kobe marc\u00f3 una \u00e9poca en la NBA en la cual dej\u00f3 registros extraordinarios as\u00ed como varios r\u00e9cords, entre los que sobresalen los cinco t\u00edtulos conseguidos (2000, 2001, 2002, 2009, 2010) que lo ubican como uno de los jugadores con m\u00e1s anillos de la historia.<\/p>\n<p>Adem\u00e1s, se ubica como el tercer m\u00e1ximo anotador de todos los tiempos con 33 mil 643 unidades, y exhibe la segunda mejor marca en un partido, con 81 puntos, el 22 de enero de 2006 frente a los Raptors de Toronto.<\/p>\n<p>De igual forma, la leyenda angelina es due\u00f1a de un premio al Jugador M\u00e1s Valioso de la liga en 2008, y de dos de las Finales (2009, 2010).<\/p>\n<p>Fue seleccionado 18 veces para el Juego de la Estrellas, evento en el que gan\u00f3 el JMV en cuatro ocasiones.<\/p>\n<p>Como guinda al pastel de su excelso paso por el baloncesto estadounidense, en el \u00faltimo desaf\u00edo de su carrera, el 13 de abril de 2016 ante los Jazz de Utah, marc\u00f3 la friolera de 60 puntos, la cifra m\u00e1s alta de la temporada, para despedirse por todo lo alto de la liga que lo convirti\u00f3 en uno de los m\u00e1s grandes competidores del deporte mundial.<\/p><\/div>\n<div><\/div>\n<div style=\"text-align: right;\"><span style=\"color: #ff0000;\"><em>PL<\/em><\/span><\/div>\n","protected":false},"excerpt":{"rendered":"<p>LOS \u00c1NGELES, California.- Lakers de Los \u00c1ngeles retiraron los n\u00fameros ocho y 24 que us\u00f3 Kobe Bryant en esa franquicia de la NBA como reconocimiento a la excelsa carrera del jugador, destacan hoy varios medios deportivos. El hist\u00f3rico momento se vivi\u00f3 en el descanso del partido que disputaron en la noche de este lunes el [&hellip;]<\/p>\n","protected":false},"author":1,"featured_media":0,"comment_status":"open","ping_status":"open","sticky":false,"template":"","format":"standard","meta":{"_bbp_topic_count":0,"_bbp_reply_count":0,"_bbp_total_topic_count":0,"_bbp_total_reply_count":0,"_bbp_voice_count":0,"_bbp_anonymous_reply_count":0,"_bbp_topic_count_hidden":0,"_bbp_reply_count_hidden":0,"_bbp_forum_subforum_count":0,"footnotes":""},"categories":[42,60],"tags":[],"class_list":{"0":"post-297156","1":"post","2":"type-post","3":"status-publish","4":"format-standard","6":"category-deportes","7":"category-titulares-del-dia"},"_links":{"self":[{"href":"https:\/\/primermomento.com\/index.php?rest_route=\/wp\/v2\/posts\/297156","targetHints":{"allow":["GET"]}}],"collection":[{"href":"https:\/\/primermomento.com\/index.php?rest_route=\/wp\/v2\/posts"}],"about":[{"href":"https:\/\/primermomento.com\/index.php?rest_route=\/wp\/v2\/types\/post"}],"author":[{"embeddable":true,"href":"https:\/\/primermomento.com\/index.php?rest_route=\/wp\/v2\/users\/1"}],"replies":[{"embeddable":true,"href":"https:\/\/primermomento.com\/index.php?rest_route=%2Fwp%2Fv2%2Fcomments&post=297156"}],"version-history":[{"count":0,"href":"https:\/\/primermomento.com\/index.php?rest_route=\/wp\/v2\/posts\/297156\/revisions"}],"wp:attachment":[{"href":"https:\/\/primermomento.com\/index.php?rest_route=%2Fwp%2Fv2%2Fmedia&parent=297156"}],"wp:term":[{"taxonomy":"category","embeddable":true,"href":"https:\/\/primermomento.com\/index.php?rest_route=%2Fwp%2Fv2%2Fcategories&post=297156"},{"taxonomy":"post_tag","embeddable":true,"href":"https:\/\/primermomento.com\/index.php?rest_route=%2Fwp%2Fv2%2Ftags&post=297156"}],"curies":[{"name":"wp","href":"https:\/\/api.w.org\/{rel}","templated":true}]}}