{"id":297547,"date":"2018-01-02T07:07:55","date_gmt":"2018-01-02T11:07:55","guid":{"rendered":"http:\/\/primermomento.com\/?p=297547"},"modified":"2018-01-02T13:10:39","modified_gmt":"2018-01-02T17:10:39","slug":"houston-pierde-por-lesion-a-harden-entre-dos-y-tres-semanas-de-nba","status":"publish","type":"post","link":"https:\/\/primermomento.com\/?p=297547","title":{"rendered":"Houston pierde por lesi\u00f3n a Harden entre dos y tres semanas"},"content":{"rendered":"<div class=\"fullNewsIntrotext\">HOUSTON, Texas.- Los Rockets de Houston, del baloncesto de la NBA, recibieron hoy la p\u00e9sima noticia que James Harden, su principal jugador, estar\u00e1 entre dos y tres semanas alejado de las canchas por lesi\u00f3n.<\/div>\n<div><\/div>\n<div class=\"fullNewsFulltext\">\n<figure id=\"attachment_289137\" aria-describedby=\"caption-attachment-289137\" style=\"width: 300px\" class=\"wp-caption alignright\"><img loading=\"lazy\" decoding=\"async\" class=\"size-medium wp-image-289137\" src=\"http:\/\/primermomento.com\/wp-content\/uploads\/2017\/04\/James-Harden-300x200.jpg\" alt=\"\" width=\"300\" height=\"200\" srcset=\"https:\/\/primermomento.com\/wp-content\/uploads\/2017\/04\/James-Harden-300x200.jpg 300w, https:\/\/primermomento.com\/wp-content\/uploads\/2017\/04\/James-Harden-73x50.jpg 73w, https:\/\/primermomento.com\/wp-content\/uploads\/2017\/04\/James-Harden-500x333.jpg 500w, https:\/\/primermomento.com\/wp-content\/uploads\/2017\/04\/James-Harden-280x186.jpg 280w, https:\/\/primermomento.com\/wp-content\/uploads\/2017\/04\/James-Harden-60x40.jpg 60w, https:\/\/primermomento.com\/wp-content\/uploads\/2017\/04\/James-Harden-638x425.jpg 638w, https:\/\/primermomento.com\/wp-content\/uploads\/2017\/04\/James-Harden-118x79.jpg 118w, https:\/\/primermomento.com\/wp-content\/uploads\/2017\/04\/James-Harden-479x319.jpg 479w, https:\/\/primermomento.com\/wp-content\/uploads\/2017\/04\/James-Harden.jpg 748w\" sizes=\"auto, (max-width: 300px) 100vw, 300px\" \/><figcaption id=\"caption-attachment-289137\" class=\"wp-caption-text\">James Harden.<\/figcaption><\/figure>\n<p>De acuerdo con el parte m\u00e9dico, La Barba, como apodan al escolta, sufre una lesi\u00f3n muscular de segundo grado en la parte posterior del muslo izquierdo.<\/p>\n<p>Harden cay\u00f3 lesionado en el \u00faltimo cuarto del partido contra Los \u00c1ngeles Lakers, ganado por Houston por abultad\u00edsimo 148-142.<\/p>\n<p>Hasta el momento, Harden es el m\u00e1ximo anotador en la presente temporada, con 32.3 puntos por partido, y adem\u00e1s el tercer mejor asistente (9.1).<\/p>\n<p>A priori, el jugador pudiera perderse un total de ocho partidos, espec\u00edficamente contra Orlando, Golden State, Detroit, Chicago, Portland, Phoenix, Los Angeles Clippers y Minnesota.<\/p>\n<p>Actualmente, Houston ocupa la segunda posici\u00f3n de la Conferencia Oeste, con balance de 26 triunfos y solo nueve derrotas, solo superado por los campeones vigentes de Golden State (29-8).<\/p>\n<\/div>\n<div><\/div>\n<div style=\"text-align: right;\"><span style=\"color: #ff0000;\"><em>PL<\/em><\/span><\/div>\n","protected":false},"excerpt":{"rendered":"<p>HOUSTON, Texas.- Los Rockets de Houston, del baloncesto de la NBA, recibieron hoy la p\u00e9sima noticia que James Harden, su principal jugador, estar\u00e1 entre dos y tres semanas alejado de las canchas por lesi\u00f3n. De acuerdo con el parte m\u00e9dico, La Barba, como apodan al escolta, sufre una lesi\u00f3n muscular de segundo grado en la [&hellip;]<\/p>\n","protected":false},"author":1,"featured_media":0,"comment_status":"open","ping_status":"open","sticky":false,"template":"","format":"standard","meta":{"_bbp_topic_count":0,"_bbp_reply_count":0,"_bbp_total_topic_count":0,"_bbp_total_reply_count":0,"_bbp_voice_count":0,"_bbp_anonymous_reply_count":0,"_bbp_topic_count_hidden":0,"_bbp_reply_count_hidden":0,"_bbp_forum_subforum_count":0,"footnotes":""},"categories":[42,60],"tags":[],"class_list":{"0":"post-297547","1":"post","2":"type-post","3":"status-publish","4":"format-standard","6":"category-deportes","7":"category-titulares-del-dia"},"_links":{"self":[{"href":"https:\/\/primermomento.com\/index.php?rest_route=\/wp\/v2\/posts\/297547","targetHints":{"allow":["GET"]}}],"collection":[{"href":"https:\/\/primermomento.com\/index.php?rest_route=\/wp\/v2\/posts"}],"about":[{"href":"https:\/\/primermomento.com\/index.php?rest_route=\/wp\/v2\/types\/post"}],"author":[{"embeddable":true,"href":"https:\/\/primermomento.com\/index.php?rest_route=\/wp\/v2\/users\/1"}],"replies":[{"embeddable":true,"href":"https:\/\/primermomento.com\/index.php?rest_route=%2Fwp%2Fv2%2Fcomments&post=297547"}],"version-history":[{"count":0,"href":"https:\/\/primermomento.com\/index.php?rest_route=\/wp\/v2\/posts\/297547\/revisions"}],"wp:attachment":[{"href":"https:\/\/primermomento.com\/index.php?rest_route=%2Fwp%2Fv2%2Fmedia&parent=297547"}],"wp:term":[{"taxonomy":"category","embeddable":true,"href":"https:\/\/primermomento.com\/index.php?rest_route=%2Fwp%2Fv2%2Fcategories&post=297547"},{"taxonomy":"post_tag","embeddable":true,"href":"https:\/\/primermomento.com\/index.php?rest_route=%2Fwp%2Fv2%2Ftags&post=297547"}],"curies":[{"name":"wp","href":"https:\/\/api.w.org\/{rel}","templated":true}]}}