{"id":297794,"date":"2018-01-07T10:15:28","date_gmt":"2018-01-07T14:15:28","guid":{"rendered":"http:\/\/primermomento.com\/?p=297794"},"modified":"2018-01-07T14:17:53","modified_gmt":"2018-01-07T18:17:53","slug":"reserva-federal-preve-panorama-favorable-para-alza-de-tasas","status":"publish","type":"post","link":"https:\/\/primermomento.com\/?p=297794","title":{"rendered":"Reserva Federal prev\u00e9 panorama favorable para alza de tasas"},"content":{"rendered":"<div class=\"fullNewsIntrotext\">WASHINGTON, Distrito de Columbia.- Autoridades de la Reserva Federal de los Estados Unidos (FED) consideraron hoy un panorama favorable para el alza de las tasas de inter\u00e9s en este pa\u00eds.<\/div>\n<div><\/div>\n<div class=\"fullNewsFulltext\">\n<p><img loading=\"lazy\" decoding=\"async\" class=\"size-medium wp-image-289573\" src=\"http:\/\/primermomento.com\/wp-content\/uploads\/2017\/05\/fed1-300x169.jpg\" alt=\"\" width=\"300\" height=\"169\" srcset=\"https:\/\/primermomento.com\/wp-content\/uploads\/2017\/05\/fed1-300x169.jpg 300w, https:\/\/primermomento.com\/wp-content\/uploads\/2017\/05\/fed1-768x432.jpg 768w, https:\/\/primermomento.com\/wp-content\/uploads\/2017\/05\/fed1-478x270.jpg 478w, https:\/\/primermomento.com\/wp-content\/uploads\/2017\/05\/fed1-500x281.jpg 500w, https:\/\/primermomento.com\/wp-content\/uploads\/2017\/05\/fed1-280x157.jpg 280w, https:\/\/primermomento.com\/wp-content\/uploads\/2017\/05\/fed1-638x359.jpg 638w, https:\/\/primermomento.com\/wp-content\/uploads\/2017\/05\/fed1-118x66.jpg 118w, https:\/\/primermomento.com\/wp-content\/uploads\/2017\/05\/fed1-479x269.jpg 479w, https:\/\/primermomento.com\/wp-content\/uploads\/2017\/05\/fed1.jpg 1023w\" sizes=\"auto, (max-width: 300px) 100vw, 300px\" \/><\/p>\n<p>Algunas voces se\u00f1alaron que la FED deber\u00eda incrementar las tasas tres veces este a\u00f1o, al considerar el s\u00f3lido desempe\u00f1o de la econom\u00eda de cara a ganar impulso con los recortes de impuestos.<\/p>\n<p>En una entrevista de fin de semana, el presidente de la FED de San Francisco, John Williams, ofreci\u00f3 un panorama favorable de la econom\u00eda de esta naci\u00f3n, que se mover\u00eda cerca de su plena capacidad en los pr\u00f3ximos a\u00f1os.<\/p>\n<p>Aunque sus colegas en el banco central estadounidense consideran que el desempleo bajar\u00e1 levemente desde el 4,1 por ciento actual, Williams proyect\u00f3 que \u00e9ste caer\u00e1 a 3,7 por ciento este a\u00f1o, sin un riesgo para la inflaci\u00f3n.<\/p>\n<p>Los comentarios de Williams, veterano en pol\u00edtica econ\u00f3mica, sugieren que el banco central sigue confiado en su aproximaci\u00f3n de manejo monetario despu\u00e9s de un a\u00f1o de ajustes graduales en las tasas, y frente a los recortes impositivos aprobados el mes pasado.<\/p>\n<p>Dijo que est\u00e1n en una situaci\u00f3n muy buena, pues la econom\u00eda va bien, de ah\u00ed que todos esperen el alza de las tasas gradualmente.<\/p>\n<p>Se\u00f1al\u00f3 no estar preocupado de que la inflaci\u00f3n se escape repentinamente.<\/p>\n<p>Sin embargo, algunos economistas aprecian con preocupaci\u00f3n la actual situaci\u00f3n financiera del pa\u00eds, y las estrategias proteccionistas del gobierno del presidente Donald Trump.<\/p>\n<p>El banco central de Estados Unidos subi\u00f3 las tasas de inter\u00e9s tres veces en 2017 como respuesta a un crecimiento robusto de la econom\u00eda y una baja en el desempleo, pese a que la inflaci\u00f3n no lleg\u00f3 a la meta del dos por ciento en m\u00e1s de cinco a\u00f1os.<\/p><\/div>\n<div><\/div>\n<div style=\"text-align: right;\"><span style=\"color: #ff0000;\"><em>PL<\/em><\/span><\/div>\n","protected":false},"excerpt":{"rendered":"<p>WASHINGTON, Distrito de Columbia.- Autoridades de la Reserva Federal de los Estados Unidos (FED) consideraron hoy un panorama favorable para el alza de las tasas de inter\u00e9s en este pa\u00eds. Algunas voces se\u00f1alaron que la FED deber\u00eda incrementar las tasas tres veces este a\u00f1o, al considerar el s\u00f3lido desempe\u00f1o de la econom\u00eda de cara a [&hellip;]<\/p>\n","protected":false},"author":1,"featured_media":0,"comment_status":"open","ping_status":"open","sticky":false,"template":"","format":"standard","meta":{"_bbp_topic_count":0,"_bbp_reply_count":0,"_bbp_total_topic_count":0,"_bbp_total_reply_count":0,"_bbp_voice_count":0,"_bbp_anonymous_reply_count":0,"_bbp_topic_count_hidden":0,"_bbp_reply_count_hidden":0,"_bbp_forum_subforum_count":0,"footnotes":""},"categories":[35,60],"tags":[],"class_list":{"0":"post-297794","1":"post","2":"type-post","3":"status-publish","4":"format-standard","6":"category-economia","7":"category-titulares-del-dia"},"_links":{"self":[{"href":"https:\/\/primermomento.com\/index.php?rest_route=\/wp\/v2\/posts\/297794","targetHints":{"allow":["GET"]}}],"collection":[{"href":"https:\/\/primermomento.com\/index.php?rest_route=\/wp\/v2\/posts"}],"about":[{"href":"https:\/\/primermomento.com\/index.php?rest_route=\/wp\/v2\/types\/post"}],"author":[{"embeddable":true,"href":"https:\/\/primermomento.com\/index.php?rest_route=\/wp\/v2\/users\/1"}],"replies":[{"embeddable":true,"href":"https:\/\/primermomento.com\/index.php?rest_route=%2Fwp%2Fv2%2Fcomments&post=297794"}],"version-history":[{"count":0,"href":"https:\/\/primermomento.com\/index.php?rest_route=\/wp\/v2\/posts\/297794\/revisions"}],"wp:attachment":[{"href":"https:\/\/primermomento.com\/index.php?rest_route=%2Fwp%2Fv2%2Fmedia&parent=297794"}],"wp:term":[{"taxonomy":"category","embeddable":true,"href":"https:\/\/primermomento.com\/index.php?rest_route=%2Fwp%2Fv2%2Fcategories&post=297794"},{"taxonomy":"post_tag","embeddable":true,"href":"https:\/\/primermomento.com\/index.php?rest_route=%2Fwp%2Fv2%2Ftags&post=297794"}],"curies":[{"name":"wp","href":"https:\/\/api.w.org\/{rel}","templated":true}]}}