{"id":297926,"date":"2018-01-10T06:22:57","date_gmt":"2018-01-10T10:22:57","guid":{"rendered":"http:\/\/primermomento.com\/?p=297926"},"modified":"2018-01-10T16:27:02","modified_gmt":"2018-01-10T20:27:02","slug":"expresidente-de-fifa-rechaza-uso-del-videoarbitraje-en-mundial","status":"publish","type":"post","link":"https:\/\/primermomento.com\/?p=297926","title":{"rendered":"Expresidente de FIFA rechaza uso del videoarbitraje en Mundial"},"content":{"rendered":"<div class=\"fullNewsIntrotext\">BERL\u00cdN, Alemania.- El expresidente de la Federaci\u00f3n Internacional F\u00fatbol Joseph Blatter reiter\u00f3 hoy su rechazo al uso del sistema de videoarbitraje (VAR) en la Copa Mundial de Rusia, del 14 de junio al 15 de julio de 2018.<\/div>\n<div><\/div>\n<div class=\"fullNewsFulltext\">\n<figure id=\"attachment_297927\" aria-describedby=\"caption-attachment-297927\" style=\"width: 300px\" class=\"wp-caption alignleft\"><img loading=\"lazy\" decoding=\"async\" class=\"size-medium wp-image-297927\" src=\"http:\/\/primermomento.com\/wp-content\/uploads\/2018\/01\/Joseph-Blatter-300x169.jpg\" alt=\"\" width=\"300\" height=\"169\" srcset=\"https:\/\/primermomento.com\/wp-content\/uploads\/2018\/01\/Joseph-Blatter-300x169.jpg 300w, https:\/\/primermomento.com\/wp-content\/uploads\/2018\/01\/Joseph-Blatter-768x432.jpg 768w, https:\/\/primermomento.com\/wp-content\/uploads\/2018\/01\/Joseph-Blatter-478x270.jpg 478w, https:\/\/primermomento.com\/wp-content\/uploads\/2018\/01\/Joseph-Blatter-500x281.jpg 500w, https:\/\/primermomento.com\/wp-content\/uploads\/2018\/01\/Joseph-Blatter-280x158.jpg 280w, https:\/\/primermomento.com\/wp-content\/uploads\/2018\/01\/Joseph-Blatter-638x359.jpg 638w, https:\/\/primermomento.com\/wp-content\/uploads\/2018\/01\/Joseph-Blatter-118x66.jpg 118w, https:\/\/primermomento.com\/wp-content\/uploads\/2018\/01\/Joseph-Blatter-479x270.jpg 479w, https:\/\/primermomento.com\/wp-content\/uploads\/2018\/01\/Joseph-Blatter.jpg 780w\" sizes=\"auto, (max-width: 300px) 100vw, 300px\" \/><figcaption id=\"caption-attachment-297927\" class=\"wp-caption-text\">Joseph Blatter.<\/figcaption><\/figure>\n<p>Ser\u00eda un error usar el videoarbitraje en Rusia, a\u00fan est\u00e1 inmaduro, muchos pa\u00edses lo interpretan a\u00fan de manera diferente, declar\u00f3 Blatter a la revista alemana Sport Bild.<\/p>\n<p>El VAR consiste en un conjunto de c\u00e1maras que retransmiten la se\u00f1al a una sala apartada del campo, donde los asistentes de v\u00eddeo pueden revisar las jugadas. Solo hay cuatro tipos de lances que pueden revisarse.<\/p>\n<p>Esta consulta puede producirse a petici\u00f3n del \u00e1rbitro o en caso de que los asistentes detecten un lance dudoso y avisen al juez del encuentro.<\/p>\n<p>Blatter siempre se mostr\u00f3 cr\u00edtico al uso de las novedades t\u00e9cnicas en su etapa al frente del m\u00e1ximo ente del f\u00fatbol mundial desde 1998 hasta 2015.<\/p>\n<p>Sin embargo, defendi\u00f3 finalmente, entre otros avances, el uso del sistema de detecci\u00f3n autom\u00e1tica de goles, que se us\u00f3 en el Mundial de Brasil 2014 tras numerosos errores cometidos por los \u00e1rbitros durante el anterior torneo de 2010 en Sud\u00e1frica.<\/p>\n<p>El directivo suizo renunci\u00f3 a la presidencia de la m\u00e1xima instituci\u00f3n del f\u00fatbol mundial el 2 de junio de 2015, a cinco d\u00edas de haber logrado la reelecci\u00f3n para su quinto mandato durante un Congreso Extraordinario celebrado en Zurich cuando ya la justicia de Estados Unidos hab\u00eda apresado a un grupo de directivos y empresarios por el pago de sobornos.<\/p>\n<p>La International Football Association Board (IFAB) decidir\u00e1 en su pr\u00f3xima reuni\u00f3n anual el 2 de marzo sobre el uso de este sistema de arbitraje a trav\u00e9s de c\u00e1maras en la cita universal de Rusia. Es probable que la c\u00fapula d\u00e9 ya una recomendaci\u00f3n vinculante tras la reuni\u00f3n de funcionarios el 22 de enero.<\/p>\n<p>Martin Glenn, secretario general de la Federaci\u00f3n de F\u00fatbol inglesa y miembro del IFAB, reclam\u00f3 que el videoarbitraje no se use mucho durante los partidos y que se act\u00fae de manera homog\u00e9nea a nivel internacional.<\/p>\n<p>Hasta ahora esa tecnolog\u00eda se ha ensayado en 13 pa\u00edses, con destaque para las ligas alemanas e italiana y la Major League Soccer de Estados Unidos y Canad\u00e1, as\u00ed como en la Copa Confederaciones y en el Mundial de Clubes.<\/p><\/div>\n<div><\/div>\n<div style=\"text-align: right;\"><span style=\"color: #ff0000;\"><em>PL<\/em><\/span><\/div>\n","protected":false},"excerpt":{"rendered":"<p>BERL\u00cdN, Alemania.- El expresidente de la Federaci\u00f3n Internacional F\u00fatbol Joseph Blatter reiter\u00f3 hoy su rechazo al uso del sistema de videoarbitraje (VAR) en la Copa Mundial de Rusia, del 14 de junio al 15 de julio de 2018. Ser\u00eda un error usar el videoarbitraje en Rusia, a\u00fan est\u00e1 inmaduro, muchos pa\u00edses lo interpretan a\u00fan de [&hellip;]<\/p>\n","protected":false},"author":1,"featured_media":0,"comment_status":"open","ping_status":"open","sticky":false,"template":"","format":"standard","meta":{"_bbp_topic_count":0,"_bbp_reply_count":0,"_bbp_total_topic_count":0,"_bbp_total_reply_count":0,"_bbp_voice_count":0,"_bbp_anonymous_reply_count":0,"_bbp_topic_count_hidden":0,"_bbp_reply_count_hidden":0,"_bbp_forum_subforum_count":0,"footnotes":""},"categories":[42,60],"tags":[],"class_list":{"0":"post-297926","1":"post","2":"type-post","3":"status-publish","4":"format-standard","6":"category-deportes","7":"category-titulares-del-dia"},"_links":{"self":[{"href":"https:\/\/primermomento.com\/index.php?rest_route=\/wp\/v2\/posts\/297926","targetHints":{"allow":["GET"]}}],"collection":[{"href":"https:\/\/primermomento.com\/index.php?rest_route=\/wp\/v2\/posts"}],"about":[{"href":"https:\/\/primermomento.com\/index.php?rest_route=\/wp\/v2\/types\/post"}],"author":[{"embeddable":true,"href":"https:\/\/primermomento.com\/index.php?rest_route=\/wp\/v2\/users\/1"}],"replies":[{"embeddable":true,"href":"https:\/\/primermomento.com\/index.php?rest_route=%2Fwp%2Fv2%2Fcomments&post=297926"}],"version-history":[{"count":0,"href":"https:\/\/primermomento.com\/index.php?rest_route=\/wp\/v2\/posts\/297926\/revisions"}],"wp:attachment":[{"href":"https:\/\/primermomento.com\/index.php?rest_route=%2Fwp%2Fv2%2Fmedia&parent=297926"}],"wp:term":[{"taxonomy":"category","embeddable":true,"href":"https:\/\/primermomento.com\/index.php?rest_route=%2Fwp%2Fv2%2Fcategories&post=297926"},{"taxonomy":"post_tag","embeddable":true,"href":"https:\/\/primermomento.com\/index.php?rest_route=%2Fwp%2Fv2%2Ftags&post=297926"}],"curies":[{"name":"wp","href":"https:\/\/api.w.org\/{rel}","templated":true}]}}