{"id":297958,"date":"2018-01-10T07:21:34","date_gmt":"2018-01-10T11:21:34","guid":{"rendered":"http:\/\/primermomento.com\/?p=297958"},"modified":"2018-01-10T19:28:45","modified_gmt":"2018-01-10T23:28:45","slug":"edesur-logro-disminuir-sus-perdidas-en-2-1-durante-el-2017","status":"publish","type":"post","link":"https:\/\/primermomento.com\/?p=297958","title":{"rendered":"EDESUR logr\u00f3 disminuir sus p\u00e9rdidas en 2.1% durante el 2017"},"content":{"rendered":"<p>SANTO DOMINGO, Rep\u00fablica Dominicana.- Desde el pasado a\u00f1o las autoridades de la empresa distribuidora de energ\u00eda EDESUR,\u00a0 se propusieron varias metas,\u00a0 una de ellas es la disminuci\u00f3n de las p\u00e9rdidas.<\/p>\n<p><img loading=\"lazy\" decoding=\"async\" class=\"size-medium wp-image-278185 alignright\" src=\"http:\/\/primermomento.com\/wp-content\/uploads\/2016\/07\/reparacion-averia-edesur2-300x199.jpg\" alt=\"\" width=\"300\" height=\"199\" srcset=\"https:\/\/primermomento.com\/wp-content\/uploads\/2016\/07\/reparacion-averia-edesur2-300x199.jpg 300w, https:\/\/primermomento.com\/wp-content\/uploads\/2016\/07\/reparacion-averia-edesur2-500x332.jpg 500w, https:\/\/primermomento.com\/wp-content\/uploads\/2016\/07\/reparacion-averia-edesur2-280x186.jpg 280w, https:\/\/primermomento.com\/wp-content\/uploads\/2016\/07\/reparacion-averia-edesur2-60x40.jpg 60w, https:\/\/primermomento.com\/wp-content\/uploads\/2016\/07\/reparacion-averia-edesur2-638x424.jpg 638w, https:\/\/primermomento.com\/wp-content\/uploads\/2016\/07\/reparacion-averia-edesur2-118x78.jpg 118w, https:\/\/primermomento.com\/wp-content\/uploads\/2016\/07\/reparacion-averia-edesur2-479x318.jpg 479w, https:\/\/primermomento.com\/wp-content\/uploads\/2016\/07\/reparacion-averia-edesur2-153x100.jpg 153w, https:\/\/primermomento.com\/wp-content\/uploads\/2016\/07\/reparacion-averia-edesur2.jpg 740w\" sizes=\"auto, (max-width: 300px) 100vw, 300px\" \/>Con la llegada del ingeniero Radham\u00e9s Del Carmen Mari\u00f1ez, como Administrador Gerente General, lo primero que hizo fue empoderar al personal de la empresa acerca de la responsabilidad que deb\u00eda asumir cada colaborador desde sus\u00a0 respectivas \u00e1reas.<\/p>\n<p>Gracias al esfuerzo realizado,\u00a0 la empresa distribuidora cerr\u00f3 el 2017 con un avance significativo, debido a que sus p\u00e9rdidas bajaron 2.1%.<\/p>\n<p>El Ingeniero Del Carmen Mari\u00f1ez, expres\u00f3 que los resultados obtenidos durante su gesti\u00f3n, son una muestra de que la empresa est\u00e1 transitando hacia\u00a0 el camino de la sostenibilidad, dado el hecho de que en los 4 a\u00f1os del 2012\u00a0 hasta el a\u00f1o 2016,\u00a0\u00a0 las p\u00e9rdidas se mantuvieron alrededor de 28.7 %. Pero solo en el a\u00f1o 2017 las perdidas cerraron en 26.6 %.<\/p>\n<p>\u201cAunque pudiera parecer un n\u00famero poco ambicioso, los que conocen el sector el\u00e9ctrico, entienden que bajar 2.1% en el primer a\u00f1o de gesti\u00f3n, es motivo de satisfacci\u00f3n, debido a los retrasos que provocan los procesos de licitaci\u00f3n y desarrollo de proyectos de reducci\u00f3n de p\u00e9rdidas, los cuales regularmente tienen una duraci\u00f3n de m\u00e1s 18 meses, lo que demuestra que vamos por el camino correcto\u201d.\u00a0\u00a0 Apunt\u00f3.<\/p>\n<p>En su Plan Estrat\u00e9gico Institucional, lanzado a principios del\u00a0 a\u00f1o pasado, la empresa\u00a0 distribuidora, se propuso alcanzar una reducci\u00f3n de las p\u00e9rdidas a un 15%\u00a0 para el a\u00f1o 2020.<\/p>\n<p>&nbsp;<\/p>\n","protected":false},"excerpt":{"rendered":"<p>SANTO DOMINGO, Rep\u00fablica Dominicana.- Desde el pasado a\u00f1o las autoridades de la empresa distribuidora de energ\u00eda EDESUR,\u00a0 se propusieron varias metas,\u00a0 una de ellas es la disminuci\u00f3n de las p\u00e9rdidas. Con la llegada del ingeniero Radham\u00e9s Del Carmen Mari\u00f1ez, como Administrador Gerente General, lo primero que hizo fue empoderar al personal de la empresa acerca [&hellip;]<\/p>\n","protected":false},"author":1,"featured_media":0,"comment_status":"open","ping_status":"open","sticky":false,"template":"","format":"standard","meta":{"_bbp_topic_count":0,"_bbp_reply_count":0,"_bbp_total_topic_count":0,"_bbp_total_reply_count":0,"_bbp_voice_count":0,"_bbp_anonymous_reply_count":0,"_bbp_topic_count_hidden":0,"_bbp_reply_count_hidden":0,"_bbp_forum_subforum_count":0,"footnotes":""},"categories":[35,60],"tags":[],"class_list":{"0":"post-297958","1":"post","2":"type-post","3":"status-publish","4":"format-standard","6":"category-economia","7":"category-titulares-del-dia"},"_links":{"self":[{"href":"https:\/\/primermomento.com\/index.php?rest_route=\/wp\/v2\/posts\/297958","targetHints":{"allow":["GET"]}}],"collection":[{"href":"https:\/\/primermomento.com\/index.php?rest_route=\/wp\/v2\/posts"}],"about":[{"href":"https:\/\/primermomento.com\/index.php?rest_route=\/wp\/v2\/types\/post"}],"author":[{"embeddable":true,"href":"https:\/\/primermomento.com\/index.php?rest_route=\/wp\/v2\/users\/1"}],"replies":[{"embeddable":true,"href":"https:\/\/primermomento.com\/index.php?rest_route=%2Fwp%2Fv2%2Fcomments&post=297958"}],"version-history":[{"count":0,"href":"https:\/\/primermomento.com\/index.php?rest_route=\/wp\/v2\/posts\/297958\/revisions"}],"wp:attachment":[{"href":"https:\/\/primermomento.com\/index.php?rest_route=%2Fwp%2Fv2%2Fmedia&parent=297958"}],"wp:term":[{"taxonomy":"category","embeddable":true,"href":"https:\/\/primermomento.com\/index.php?rest_route=%2Fwp%2Fv2%2Fcategories&post=297958"},{"taxonomy":"post_tag","embeddable":true,"href":"https:\/\/primermomento.com\/index.php?rest_route=%2Fwp%2Fv2%2Ftags&post=297958"}],"curies":[{"name":"wp","href":"https:\/\/api.w.org\/{rel}","templated":true}]}}