{"id":298047,"date":"2018-01-12T06:52:47","date_gmt":"2018-01-12T10:52:47","guid":{"rendered":"http:\/\/primermomento.com\/?p=298047"},"modified":"2018-01-12T14:54:50","modified_gmt":"2018-01-12T18:54:50","slug":"argentino-manu-ginobilli-cerca-de-incluirse-en-el-all-star-de-nba","status":"publish","type":"post","link":"https:\/\/primermomento.com\/?p=298047","title":{"rendered":"Argentino Manu Ginobilli cerca de incluirse en el All Star de NBA"},"content":{"rendered":"<div class=\"fullNewsIntrotext\">BUENOS AIRES, Argentina.- El argentino Manu Gin\u00f3bili a\u00fan conserva posibilidades de incluirse en el All Star de la NBA, que acoger\u00e1 Los \u00c1ngeles en febrero, tras conocerse los resultados parciales de las votaciones, destacan hoy medios deportivos.<\/div>\n<div><\/div>\n<div class=\"fullNewsFulltext\"><img loading=\"lazy\" decoding=\"async\" class=\"size-medium wp-image-298048 alignleft\" src=\"http:\/\/primermomento.com\/wp-content\/uploads\/2018\/01\/Ginolibi-300x200.jpg\" alt=\"\" width=\"300\" height=\"200\" srcset=\"https:\/\/primermomento.com\/wp-content\/uploads\/2018\/01\/Ginolibi-300x200.jpg 300w, https:\/\/primermomento.com\/wp-content\/uploads\/2018\/01\/Ginolibi-73x50.jpg 73w, https:\/\/primermomento.com\/wp-content\/uploads\/2018\/01\/Ginolibi-500x333.jpg 500w, https:\/\/primermomento.com\/wp-content\/uploads\/2018\/01\/Ginolibi-280x186.jpg 280w, https:\/\/primermomento.com\/wp-content\/uploads\/2018\/01\/Ginolibi-60x40.jpg 60w, https:\/\/primermomento.com\/wp-content\/uploads\/2018\/01\/Ginolibi-638x425.jpg 638w, https:\/\/primermomento.com\/wp-content\/uploads\/2018\/01\/Ginolibi-118x79.jpg 118w, https:\/\/primermomento.com\/wp-content\/uploads\/2018\/01\/Ginolibi-479x319.jpg 479w, https:\/\/primermomento.com\/wp-content\/uploads\/2018\/01\/Ginolibi.jpg 748w\" sizes=\"auto, (max-width: 300px) 100vw, 300px\" \/>Luego del \u00faltimo recuento a cuatro d\u00edas de terminar los sufragios, el veterano jugador de 40 a\u00f1os ocupa la sexta plaza de los bases o escoltas en la conferencia Oeste con 657 mil 827 votos, muy cerca de Klay Thompson (Golden State Warriors) 686 mil 825 y Russell Westbrook (Oklahoma City Thunder) 791 mil 332.<\/p>\n<p>Ese circuito lo comanda el l\u00edder de los \u00faltimos tres a\u00f1os, Stephen Curry (Golden State Warriors), beneficiario de un mill\u00f3n 369 mil 658, seguido por el m\u00e1s fuerte candidato a Jugador M\u00e1s Valioso de la actual temporada, James Harden (Houston Rockets) con 978 mil 540.<\/p>\n<p>En el Oeste, en tanto, el listado lo encabeza Lebron James (Cleveland Cavaliers), due\u00f1o de un mill\u00f3n 622 mil 838 papeletas, secundado por el fen\u00f3meno griego de Milwaukee Bucks, Giannis Antetokounmpo con un mill\u00f3n 480 mil 954.<\/p>\n<p>En su decimosexta campa\u00f1a con la camiseta plateada y negra, Gin\u00f3bili exhibe formidables guarismos para su funci\u00f3n de reserva, entre los que sobresalen promedios de 21.1 minutos por juego, 9.3 puntos, 2.3 rebotes, 2.5 asistencias, 0.7 robos y 0.3 bloqueos.<\/p>\n<p>El sudamericano particip\u00f3 en los choques de luminarias de 2005 y 2011, sin embargo, en 2009, a\u00f1o en que m\u00e1s votos recibi\u00f3 con un mill\u00f3n 642 mil 350, no fue seleccionado.<\/p>\n<p>Actualmente en gran parte de las redes sociales de Am\u00e9rica Latina se desarrolla una campa\u00f1a para que el tambi\u00e9n apodado #Elpibede40 o Grandpa Juice (el jugo del abuelo, por no conocer lo que es el paso del tiempo) forme parte del esperado espect\u00e1culo, en el que pudiera ser su \u00faltimo a\u00f1o en el mejor baloncesto del mundo.<\/p>\n<p>Para este curso, los organizadores del All Star concibieron un nuevo formato para las votaciones, en el cada persona puede hacer su elecci\u00f3n diariamente, y durante varios d\u00edas los sufragios se contabilizar\u00e1n por dos.<\/p>\n<p>Precisamente, este viernes y el venidero 15 de enero, fecha en que cierran las boletas, son las \u00faltimas oportunidades de elegir doblemente a los favoritos para la cita de astros angelina.<\/p><\/div>\n<div><\/div>\n<div style=\"text-align: right;\"><span style=\"color: #ff0000;\"><em>PL<\/em><\/span><\/div>\n","protected":false},"excerpt":{"rendered":"<p>BUENOS AIRES, Argentina.- El argentino Manu Gin\u00f3bili a\u00fan conserva posibilidades de incluirse en el All Star de la NBA, que acoger\u00e1 Los \u00c1ngeles en febrero, tras conocerse los resultados parciales de las votaciones, destacan hoy medios deportivos. Luego del \u00faltimo recuento a cuatro d\u00edas de terminar los sufragios, el veterano jugador de 40 a\u00f1os ocupa [&hellip;]<\/p>\n","protected":false},"author":1,"featured_media":0,"comment_status":"open","ping_status":"open","sticky":false,"template":"","format":"standard","meta":{"_bbp_topic_count":0,"_bbp_reply_count":0,"_bbp_total_topic_count":0,"_bbp_total_reply_count":0,"_bbp_voice_count":0,"_bbp_anonymous_reply_count":0,"_bbp_topic_count_hidden":0,"_bbp_reply_count_hidden":0,"_bbp_forum_subforum_count":0,"footnotes":""},"categories":[42,60],"tags":[],"class_list":{"0":"post-298047","1":"post","2":"type-post","3":"status-publish","4":"format-standard","6":"category-deportes","7":"category-titulares-del-dia"},"_links":{"self":[{"href":"https:\/\/primermomento.com\/index.php?rest_route=\/wp\/v2\/posts\/298047","targetHints":{"allow":["GET"]}}],"collection":[{"href":"https:\/\/primermomento.com\/index.php?rest_route=\/wp\/v2\/posts"}],"about":[{"href":"https:\/\/primermomento.com\/index.php?rest_route=\/wp\/v2\/types\/post"}],"author":[{"embeddable":true,"href":"https:\/\/primermomento.com\/index.php?rest_route=\/wp\/v2\/users\/1"}],"replies":[{"embeddable":true,"href":"https:\/\/primermomento.com\/index.php?rest_route=%2Fwp%2Fv2%2Fcomments&post=298047"}],"version-history":[{"count":0,"href":"https:\/\/primermomento.com\/index.php?rest_route=\/wp\/v2\/posts\/298047\/revisions"}],"wp:attachment":[{"href":"https:\/\/primermomento.com\/index.php?rest_route=%2Fwp%2Fv2%2Fmedia&parent=298047"}],"wp:term":[{"taxonomy":"category","embeddable":true,"href":"https:\/\/primermomento.com\/index.php?rest_route=%2Fwp%2Fv2%2Fcategories&post=298047"},{"taxonomy":"post_tag","embeddable":true,"href":"https:\/\/primermomento.com\/index.php?rest_route=%2Fwp%2Fv2%2Ftags&post=298047"}],"curies":[{"name":"wp","href":"https:\/\/api.w.org\/{rel}","templated":true}]}}