{"id":298262,"date":"2018-01-18T15:32:05","date_gmt":"2018-01-18T19:32:05","guid":{"rendered":"http:\/\/primermomento.com\/?p=298262"},"modified":"2018-01-18T15:32:05","modified_gmt":"2018-01-18T19:32:05","slug":"senadores-buscan-dilatar-plazo-para-plan-de-financiamiento","status":"publish","type":"post","link":"https:\/\/primermomento.com\/?p=298262","title":{"rendered":"Senadores buscan dilatar plazo para plan de financiamiento"},"content":{"rendered":"<div class=\"fullNewsIntrotext\">WASHINGTON, Distrito de Columbia.- Un grupo de senadores impulsa hoy un proyecto de ley que permita extender al menos otro d\u00eda las negociaciones sobre el plan de financiaci\u00f3n del gobierno estadounidense, cuyos fondos expirar\u00e1n en la medianoche del viernes.<\/div>\n<div><\/div>\n<div class=\"fullNewsFulltext\"><img loading=\"lazy\" decoding=\"async\" class=\"size-medium wp-image-298263 alignleft\" src=\"http:\/\/primermomento.com\/wp-content\/uploads\/2018\/01\/congreso-de-eeuu-300x168.jpg\" alt=\"\" width=\"300\" height=\"168\" srcset=\"https:\/\/primermomento.com\/wp-content\/uploads\/2018\/01\/congreso-de-eeuu-300x168.jpg 300w, https:\/\/primermomento.com\/wp-content\/uploads\/2018\/01\/congreso-de-eeuu-768x430.jpg 768w, https:\/\/primermomento.com\/wp-content\/uploads\/2018\/01\/congreso-de-eeuu-478x270.jpg 478w, https:\/\/primermomento.com\/wp-content\/uploads\/2018\/01\/congreso-de-eeuu-216x120.jpg 216w, https:\/\/primermomento.com\/wp-content\/uploads\/2018\/01\/congreso-de-eeuu-500x280.jpg 500w, https:\/\/primermomento.com\/wp-content\/uploads\/2018\/01\/congreso-de-eeuu-280x157.jpg 280w, https:\/\/primermomento.com\/wp-content\/uploads\/2018\/01\/congreso-de-eeuu-638x357.jpg 638w, https:\/\/primermomento.com\/wp-content\/uploads\/2018\/01\/congreso-de-eeuu-118x66.jpg 118w, https:\/\/primermomento.com\/wp-content\/uploads\/2018\/01\/congreso-de-eeuu-479x268.jpg 479w, https:\/\/primermomento.com\/wp-content\/uploads\/2018\/01\/congreso-de-eeuu.jpg 1023w\" sizes=\"auto, (max-width: 300px) 100vw, 300px\" \/>La medida obedece a las dificultades para analizar en tiempo la iniciativa que eval\u00faa la C\u00e1mara de Representantes y que debe ser votada la noche de este jueves.<\/p>\n<p>Solo quiero asegurarme de que no tengamos un cierre, puedan resolverse las diferencias y contar con algo distinto a una extensi\u00f3n financiera a corto plazo, conocida como resoluci\u00f3n continua (RC), y que ser\u00eda la cuarta desde septiembre pasado, indic\u00f3 el senador republicano por Kansas, Jerry Moran.<\/p>\n<p>Sugiri\u00f3 que los legisladores podr\u00edan incluso aprobar proyectos de financiaci\u00f3n provisional que duren uno o dos d\u00edas.<\/p>\n<p>Los senadores dem\u00f3cratas por Virginia, Tim Kaine y Mark Warner, tambi\u00e9n lanzaron una medida provisional para dar m\u00e1s tiempo a los negociadores.<\/p>\n<p>Apoyaremos una CR, por pocos d\u00edas, para mantener el gobierno abierto y concluir nuestras discusiones, dijeron ambos legisladores.<\/p>\n<p>Pero el liderazgo del Partido Republicano, que culpa al Dem\u00f3crata de la posibilidad de un cierre potencial, desestim\u00f3 la posibilidad de aceptar una resoluci\u00f3n temporal, como asever\u00f3 el senador por Texas John Cornyn al pregunt\u00e1rsele si dar\u00eda luz verde a alguna CR.<\/p>\n<p>Las negociaciones sobre planes de contingencia ocurren cuando el proyecto de la C\u00e1mara baja tiene pocas posibilidades de ser aceptado en el Senado, con una mayor\u00eda estrecha de 51 republicanos frente a 47 dem\u00f3cratas y dos independientes.<\/p>\n<p>Si dos senadores republicanos votaran no, el l\u00edder de la mayor\u00eda en la C\u00e1mara alta, Mitch McConnell, necesitar\u00e1 la adhesi\u00f3n de al menos 11 dem\u00f3cratas para alcanzar los 60 votos necesarios a fin de aprobar el proyecto de ley de financiamiento.<\/p>\n<p>El congreso tiene menos de 48 horas para evitar un cierre de las entidades federales por falta de fondos, luego que ambas c\u00e1maras del \u00f3rgano legislativo aprobaron en diciembre una propuesta de gastos temporal que expirar\u00e1 ma\u00f1ana.<\/p><\/div>\n<div><\/div>\n<div style=\"text-align: right;\"><span style=\"color: #ff0000;\"><em>PL<\/em><\/span><\/div>\n","protected":false},"excerpt":{"rendered":"<p>WASHINGTON, Distrito de Columbia.- Un grupo de senadores impulsa hoy un proyecto de ley que permita extender al menos otro d\u00eda las negociaciones sobre el plan de financiaci\u00f3n del gobierno estadounidense, cuyos fondos expirar\u00e1n en la medianoche del viernes. La medida obedece a las dificultades para analizar en tiempo la iniciativa que eval\u00faa la C\u00e1mara [&hellip;]<\/p>\n","protected":false},"author":1,"featured_media":0,"comment_status":"open","ping_status":"open","sticky":false,"template":"","format":"standard","meta":{"_bbp_topic_count":0,"_bbp_reply_count":0,"_bbp_total_topic_count":0,"_bbp_total_reply_count":0,"_bbp_voice_count":0,"_bbp_anonymous_reply_count":0,"_bbp_topic_count_hidden":0,"_bbp_reply_count_hidden":0,"_bbp_forum_subforum_count":0,"footnotes":""},"categories":[35,60],"tags":[],"class_list":{"0":"post-298262","1":"post","2":"type-post","3":"status-publish","4":"format-standard","6":"category-economia","7":"category-titulares-del-dia"},"_links":{"self":[{"href":"https:\/\/primermomento.com\/index.php?rest_route=\/wp\/v2\/posts\/298262","targetHints":{"allow":["GET"]}}],"collection":[{"href":"https:\/\/primermomento.com\/index.php?rest_route=\/wp\/v2\/posts"}],"about":[{"href":"https:\/\/primermomento.com\/index.php?rest_route=\/wp\/v2\/types\/post"}],"author":[{"embeddable":true,"href":"https:\/\/primermomento.com\/index.php?rest_route=\/wp\/v2\/users\/1"}],"replies":[{"embeddable":true,"href":"https:\/\/primermomento.com\/index.php?rest_route=%2Fwp%2Fv2%2Fcomments&post=298262"}],"version-history":[{"count":0,"href":"https:\/\/primermomento.com\/index.php?rest_route=\/wp\/v2\/posts\/298262\/revisions"}],"wp:attachment":[{"href":"https:\/\/primermomento.com\/index.php?rest_route=%2Fwp%2Fv2%2Fmedia&parent=298262"}],"wp:term":[{"taxonomy":"category","embeddable":true,"href":"https:\/\/primermomento.com\/index.php?rest_route=%2Fwp%2Fv2%2Fcategories&post=298262"},{"taxonomy":"post_tag","embeddable":true,"href":"https:\/\/primermomento.com\/index.php?rest_route=%2Fwp%2Fv2%2Ftags&post=298262"}],"curies":[{"name":"wp","href":"https:\/\/api.w.org\/{rel}","templated":true}]}}