{"id":298353,"date":"2018-01-22T04:18:45","date_gmt":"2018-01-22T08:18:45","guid":{"rendered":"http:\/\/primermomento.com\/?p=298353"},"modified":"2018-01-22T17:22:28","modified_gmt":"2018-01-22T21:22:28","slug":"republica-dominicana-incrementa-produccion-de-cafe","status":"publish","type":"post","link":"https:\/\/primermomento.com\/?p=298353","title":{"rendered":"Rep\u00fablica Dominicana incrementa producci\u00f3n de caf\u00e9"},"content":{"rendered":"<div class=\"fullNewsIntrotext\">SANTO DOMINGO, Rep\u00fablica Dominicana.- Esta naci\u00f3n increment\u00f3 su producci\u00f3n de caf\u00e9 en un 28,7 por ciento el pasado a\u00f1o luego de los embates causados por la roya, divulgaron hoy medios de prensa en esta capital.<\/div>\n<div><\/div>\n<div class=\"fullNewsFulltext\" style=\"text-align: left;\"><img loading=\"lazy\" decoding=\"async\" class=\"size-medium wp-image-298354 alignleft\" src=\"http:\/\/primermomento.com\/wp-content\/uploads\/2018\/01\/cafe-dominicana-300x200.jpg\" alt=\"\" width=\"300\" height=\"200\" srcset=\"https:\/\/primermomento.com\/wp-content\/uploads\/2018\/01\/cafe-dominicana-300x200.jpg 300w, https:\/\/primermomento.com\/wp-content\/uploads\/2018\/01\/cafe-dominicana-73x50.jpg 73w, https:\/\/primermomento.com\/wp-content\/uploads\/2018\/01\/cafe-dominicana-500x333.jpg 500w, https:\/\/primermomento.com\/wp-content\/uploads\/2018\/01\/cafe-dominicana-280x186.jpg 280w, https:\/\/primermomento.com\/wp-content\/uploads\/2018\/01\/cafe-dominicana-60x40.jpg 60w, https:\/\/primermomento.com\/wp-content\/uploads\/2018\/01\/cafe-dominicana-638x425.jpg 638w, https:\/\/primermomento.com\/wp-content\/uploads\/2018\/01\/cafe-dominicana-118x79.jpg 118w, https:\/\/primermomento.com\/wp-content\/uploads\/2018\/01\/cafe-dominicana-479x319.jpg 479w, https:\/\/primermomento.com\/wp-content\/uploads\/2018\/01\/cafe-dominicana.jpg 748w\" sizes=\"auto, (max-width: 300px) 100vw, 300px\" \/>Seg\u00fan el director ejecutivo del Consejo Dominicano del Caf\u00e9, Jos\u00e9 Ferm\u00edn N\u00fa\u00f1ez, el proceso de recuperaci\u00f3n de las plantaciones de caf\u00e9 es exitoso despu\u00e9s de implementado un importante programa de sustituci\u00f3n de plantas resistentes a la mencionada enfermedad.<\/p>\n<p>Manifest\u00f3 que la instituci\u00f3n gestion\u00f3 la producci\u00f3n de unas 32,5 millones de plantas destinadas a la renovaci\u00f3n e incorporaci\u00f3n de nuevos productores.<\/p>\n<p>Sostuvo que 18 mil 588 hect\u00e1reas del producto han sido renovadas con variedades de alta capacidad de producci\u00f3n y de buena calidad.<\/p>\n<p>Eso es significativo porque a\u00f1o tras a\u00f1o fuimos creciendo, completando una labor que en algunos a\u00f1os nos llev\u00f3 cinco mil hect\u00e1reas, en otros tres mil 300, pero ya al cierre del 2017 llegamos a esa cantidad de hect\u00e1reas las cuales est\u00e1n en su gran mayor\u00eda en plena producci\u00f3n, expres\u00f3 N\u00fa\u00f1ez.<\/p>\n<p>Asimismo, dijo que conjuntamente con ese crecimiento, con el fomento y establecimiento de viveros, el mantenimiento y apoyo con materiales, equipos y acompa\u00f1amientos, la producci\u00f3n global de plantas logr\u00f3 llegar a las 102 millones, a un costo razonable y reducido.<\/p>\n<p>Por \u00faltimo, asegur\u00f3 que el sector est\u00e1 en proceso de crecimiento y expansi\u00f3n, con la ejecuci\u00f3n de pol\u00edticas definidas, m\u00e1s las acciones ejecutadas por el gobierno con la implementaci\u00f3n de proyectos agroforestales, lo cual augura para 2020 la posibilidad de duplicar la producci\u00f3n actual en el pa\u00eds.<\/p><\/div>\n<div><\/div>\n<div class=\"fullNewsFulltext\" style=\"text-align: right;\"><span style=\"color: #ff0000;\"><em>PL<\/em><\/span><\/div>\n<div><\/div>\n","protected":false},"excerpt":{"rendered":"<p>SANTO DOMINGO, Rep\u00fablica Dominicana.- Esta naci\u00f3n increment\u00f3 su producci\u00f3n de caf\u00e9 en un 28,7 por ciento el pasado a\u00f1o luego de los embates causados por la roya, divulgaron hoy medios de prensa en esta capital. Seg\u00fan el director ejecutivo del Consejo Dominicano del Caf\u00e9, Jos\u00e9 Ferm\u00edn N\u00fa\u00f1ez, el proceso de recuperaci\u00f3n de las plantaciones de [&hellip;]<\/p>\n","protected":false},"author":1,"featured_media":0,"comment_status":"open","ping_status":"open","sticky":false,"template":"","format":"standard","meta":{"_bbp_topic_count":0,"_bbp_reply_count":0,"_bbp_total_topic_count":0,"_bbp_total_reply_count":0,"_bbp_voice_count":0,"_bbp_anonymous_reply_count":0,"_bbp_topic_count_hidden":0,"_bbp_reply_count_hidden":0,"_bbp_forum_subforum_count":0,"footnotes":""},"categories":[35,60],"tags":[],"class_list":{"0":"post-298353","1":"post","2":"type-post","3":"status-publish","4":"format-standard","6":"category-economia","7":"category-titulares-del-dia"},"_links":{"self":[{"href":"https:\/\/primermomento.com\/index.php?rest_route=\/wp\/v2\/posts\/298353","targetHints":{"allow":["GET"]}}],"collection":[{"href":"https:\/\/primermomento.com\/index.php?rest_route=\/wp\/v2\/posts"}],"about":[{"href":"https:\/\/primermomento.com\/index.php?rest_route=\/wp\/v2\/types\/post"}],"author":[{"embeddable":true,"href":"https:\/\/primermomento.com\/index.php?rest_route=\/wp\/v2\/users\/1"}],"replies":[{"embeddable":true,"href":"https:\/\/primermomento.com\/index.php?rest_route=%2Fwp%2Fv2%2Fcomments&post=298353"}],"version-history":[{"count":0,"href":"https:\/\/primermomento.com\/index.php?rest_route=\/wp\/v2\/posts\/298353\/revisions"}],"wp:attachment":[{"href":"https:\/\/primermomento.com\/index.php?rest_route=%2Fwp%2Fv2%2Fmedia&parent=298353"}],"wp:term":[{"taxonomy":"category","embeddable":true,"href":"https:\/\/primermomento.com\/index.php?rest_route=%2Fwp%2Fv2%2Fcategories&post=298353"},{"taxonomy":"post_tag","embeddable":true,"href":"https:\/\/primermomento.com\/index.php?rest_route=%2Fwp%2Fv2%2Ftags&post=298353"}],"curies":[{"name":"wp","href":"https:\/\/api.w.org\/{rel}","templated":true}]}}