{"id":298482,"date":"2018-01-25T09:57:20","date_gmt":"2018-01-25T13:57:20","guid":{"rendered":"http:\/\/primermomento.com\/?p=298482"},"modified":"2018-01-25T09:57:20","modified_gmt":"2018-01-25T13:57:20","slug":"crecera-exodo-del-campo-a-la-ciudad-en-republica-dominicana","status":"publish","type":"post","link":"https:\/\/primermomento.com\/?p=298482","title":{"rendered":"Crecer\u00e1 \u00e9xodo del campo a la ciudad en Rep\u00fablica Dominicana"},"content":{"rendered":"<div class=\"fullNewsIntrotext\">SANTO DOMINGO, Rep\u00fablica Dominicana.- El \u00e9xodo del campo a la ciudad crecer\u00e1 para 2030 en Rep\u00fablica Dominicana donde se estima que el 87 por ciento de los habitantes vivir\u00e1n en zonas urbanas y s\u00f3lo un 13 en las rurales, trascendi\u00f3 hoy aqu\u00ed.<\/div>\n<div><\/div>\n<div class=\"fullNewsFulltext\"><img loading=\"lazy\" decoding=\"async\" class=\"size-medium wp-image-298483 alignleft\" src=\"http:\/\/primermomento.com\/wp-content\/uploads\/2018\/01\/capital-dominicana-300x198.jpg\" alt=\"\" width=\"300\" height=\"198\" srcset=\"https:\/\/primermomento.com\/wp-content\/uploads\/2018\/01\/capital-dominicana-300x198.jpg 300w, https:\/\/primermomento.com\/wp-content\/uploads\/2018\/01\/capital-dominicana-768x508.jpg 768w, https:\/\/primermomento.com\/wp-content\/uploads\/2018\/01\/capital-dominicana-500x331.jpg 500w, https:\/\/primermomento.com\/wp-content\/uploads\/2018\/01\/capital-dominicana-280x185.jpg 280w, https:\/\/primermomento.com\/wp-content\/uploads\/2018\/01\/capital-dominicana-60x40.jpg 60w, https:\/\/primermomento.com\/wp-content\/uploads\/2018\/01\/capital-dominicana-638x422.jpg 638w, https:\/\/primermomento.com\/wp-content\/uploads\/2018\/01\/capital-dominicana-118x78.jpg 118w, https:\/\/primermomento.com\/wp-content\/uploads\/2018\/01\/capital-dominicana-479x317.jpg 479w, https:\/\/primermomento.com\/wp-content\/uploads\/2018\/01\/capital-dominicana-153x100.jpg 153w, https:\/\/primermomento.com\/wp-content\/uploads\/2018\/01\/capital-dominicana.jpg 800w\" sizes=\"auto, (max-width: 300px) 100vw, 300px\" \/>Seg\u00fan medios de prensa, los mencionados datos fueron aportados por la Comisi\u00f3n Econ\u00f3mica para Am\u00e9rica Latina y el Caribe (Cepal), que adem\u00e1s revela como entre 2015 y 2030, la poblaci\u00f3n urbana dominicana crecer\u00e1 en un 8,2 por ciento. La Cepal refiere que es importante tomar en cuenta esta tendencia para la elaboraci\u00f3n de pol\u00edticas p\u00fablicas, pues se incrementar\u00e1 la demanda de transporte, energ\u00eda, redes de telefon\u00eda, agua y saneamiento, en pueblos y ciudades, debido al crecimiento en los niveles de ingresos.<\/p>\n<p>Asimismo, sugiere que este crecimiento se visualice de una manera ordenada bajo un enfoque estrat\u00e9gico de planificaci\u00f3n de los sectores de infraestructura, evitando gastos excesivos y no previstos que tengan un efecto distinto o contrario al esperado.<\/p>\n<p>Por \u00faltimo, indica que ese crecimiento significa un reto pues si no se mejora la planificaci\u00f3n de inversiones para el futuro, no ser\u00e1 posible superar la pobreza, reducir la desigualdad, mejorar la situaci\u00f3n actual de los servicios de infraestructura y poner fin a la escasez y baja calidad de los mismos.<\/p><\/div>\n<div><\/div>\n<div style=\"text-align: right;\"><span style=\"color: #ff0000;\"><em>PL<\/em><\/span><\/div>\n","protected":false},"excerpt":{"rendered":"<p>SANTO DOMINGO, Rep\u00fablica Dominicana.- El \u00e9xodo del campo a la ciudad crecer\u00e1 para 2030 en Rep\u00fablica Dominicana donde se estima que el 87 por ciento de los habitantes vivir\u00e1n en zonas urbanas y s\u00f3lo un 13 en las rurales, trascendi\u00f3 hoy aqu\u00ed. Seg\u00fan medios de prensa, los mencionados datos fueron aportados por la Comisi\u00f3n Econ\u00f3mica [&hellip;]<\/p>\n","protected":false},"author":1,"featured_media":0,"comment_status":"open","ping_status":"open","sticky":false,"template":"","format":"standard","meta":{"_bbp_topic_count":0,"_bbp_reply_count":0,"_bbp_total_topic_count":0,"_bbp_total_reply_count":0,"_bbp_voice_count":0,"_bbp_anonymous_reply_count":0,"_bbp_topic_count_hidden":0,"_bbp_reply_count_hidden":0,"_bbp_forum_subforum_count":0,"footnotes":""},"categories":[35,60],"tags":[],"class_list":{"0":"post-298482","1":"post","2":"type-post","3":"status-publish","4":"format-standard","6":"category-economia","7":"category-titulares-del-dia"},"_links":{"self":[{"href":"https:\/\/primermomento.com\/index.php?rest_route=\/wp\/v2\/posts\/298482","targetHints":{"allow":["GET"]}}],"collection":[{"href":"https:\/\/primermomento.com\/index.php?rest_route=\/wp\/v2\/posts"}],"about":[{"href":"https:\/\/primermomento.com\/index.php?rest_route=\/wp\/v2\/types\/post"}],"author":[{"embeddable":true,"href":"https:\/\/primermomento.com\/index.php?rest_route=\/wp\/v2\/users\/1"}],"replies":[{"embeddable":true,"href":"https:\/\/primermomento.com\/index.php?rest_route=%2Fwp%2Fv2%2Fcomments&post=298482"}],"version-history":[{"count":0,"href":"https:\/\/primermomento.com\/index.php?rest_route=\/wp\/v2\/posts\/298482\/revisions"}],"wp:attachment":[{"href":"https:\/\/primermomento.com\/index.php?rest_route=%2Fwp%2Fv2%2Fmedia&parent=298482"}],"wp:term":[{"taxonomy":"category","embeddable":true,"href":"https:\/\/primermomento.com\/index.php?rest_route=%2Fwp%2Fv2%2Fcategories&post=298482"},{"taxonomy":"post_tag","embeddable":true,"href":"https:\/\/primermomento.com\/index.php?rest_route=%2Fwp%2Fv2%2Ftags&post=298482"}],"curies":[{"name":"wp","href":"https:\/\/api.w.org\/{rel}","templated":true}]}}