{"id":298791,"date":"2018-02-02T08:46:17","date_gmt":"2018-02-02T12:46:17","guid":{"rendered":"http:\/\/primermomento.com\/?p=298791"},"modified":"2018-02-02T19:46:31","modified_gmt":"2018-02-02T23:46:31","slug":"crece-generacion-de-divisas-en-la-republica-dominicana","status":"publish","type":"post","link":"https:\/\/primermomento.com\/?p=298791","title":{"rendered":"Crece generaci\u00f3n de divisas en la Rep\u00fablica Dominicana"},"content":{"rendered":"<div class=\"fullNewsIntrotext\">SANTO DOMINGO, Rep\u00fablica Dominicana.- La capacidad de generaci\u00f3n de divisas de la Rep\u00fablica Dominicana creci\u00f3 en un 10,5 por ciento en 201, trascendi\u00f3 hoy en esta capital.<\/div>\n<div><\/div>\n<div class=\"fullNewsFulltext\">\n<p><img loading=\"lazy\" decoding=\"async\" class=\"size-full wp-image-277773 alignleft\" src=\"http:\/\/primermomento.com\/wp-content\/uploads\/2016\/06\/Banco-Central-RD.jpg\" alt=\"\" width=\"276\" height=\"183\" srcset=\"https:\/\/primermomento.com\/wp-content\/uploads\/2016\/06\/Banco-Central-RD.jpg 276w, https:\/\/primermomento.com\/wp-content\/uploads\/2016\/06\/Banco-Central-RD-60x40.jpg 60w, https:\/\/primermomento.com\/wp-content\/uploads\/2016\/06\/Banco-Central-RD-118x78.jpg 118w, https:\/\/primermomento.com\/wp-content\/uploads\/2016\/06\/Banco-Central-RD-153x100.jpg 153w\" sizes=\"auto, (max-width: 276px) 100vw, 276px\" \/>Seg\u00fan medios de prensa, el pa\u00eds ingres\u00f3 26 mil 780 millones de d\u00f3lares en 2017, se trata de una aceleraci\u00f3n en el ritmo durante un a\u00f1o en que la econom\u00eda dominicana no creci\u00f3 lo previsto.<\/p>\n<p>De acuerdo con el Banco Central de la Rep\u00fablica Dominicana, la mayor cantidad de divisas entr\u00f3 por la v\u00eda de las exportaciones de bienes a trav\u00e9s de los cuales se percibieron 11 mil 198,6 millones de d\u00f3lares.<\/p>\n<p>Asimismo, el turismo gener\u00f3 siete mil 177,5 millones de d\u00f3lares, mientras que las remesas llegaron a cinco mil 911,8 millones.<\/p>\n<p>Finalmente, la informaci\u00f3n precisa que la inversi\u00f3n extranjera directa si bien registr\u00f3 un crecimiento interanual de 48,3 por ciento, represent\u00f3 el menor monto de todos con tres mil 570 millones de d\u00f3lares.<\/p>\n<\/div>\n<div><\/div>\n<div style=\"text-align: right;\"><span style=\"color: #ff0000;\"><em>PL<\/em><\/span><\/div>\n","protected":false},"excerpt":{"rendered":"<p>SANTO DOMINGO, Rep\u00fablica Dominicana.- La capacidad de generaci\u00f3n de divisas de la Rep\u00fablica Dominicana creci\u00f3 en un 10,5 por ciento en 201, trascendi\u00f3 hoy en esta capital. Seg\u00fan medios de prensa, el pa\u00eds ingres\u00f3 26 mil 780 millones de d\u00f3lares en 2017, se trata de una aceleraci\u00f3n en el ritmo durante un a\u00f1o en que [&hellip;]<\/p>\n","protected":false},"author":1,"featured_media":0,"comment_status":"open","ping_status":"open","sticky":false,"template":"","format":"standard","meta":{"_bbp_topic_count":0,"_bbp_reply_count":0,"_bbp_total_topic_count":0,"_bbp_total_reply_count":0,"_bbp_voice_count":0,"_bbp_anonymous_reply_count":0,"_bbp_topic_count_hidden":0,"_bbp_reply_count_hidden":0,"_bbp_forum_subforum_count":0,"footnotes":""},"categories":[35,60],"tags":[],"class_list":{"0":"post-298791","1":"post","2":"type-post","3":"status-publish","4":"format-standard","6":"category-economia","7":"category-titulares-del-dia"},"_links":{"self":[{"href":"https:\/\/primermomento.com\/index.php?rest_route=\/wp\/v2\/posts\/298791","targetHints":{"allow":["GET"]}}],"collection":[{"href":"https:\/\/primermomento.com\/index.php?rest_route=\/wp\/v2\/posts"}],"about":[{"href":"https:\/\/primermomento.com\/index.php?rest_route=\/wp\/v2\/types\/post"}],"author":[{"embeddable":true,"href":"https:\/\/primermomento.com\/index.php?rest_route=\/wp\/v2\/users\/1"}],"replies":[{"embeddable":true,"href":"https:\/\/primermomento.com\/index.php?rest_route=%2Fwp%2Fv2%2Fcomments&post=298791"}],"version-history":[{"count":0,"href":"https:\/\/primermomento.com\/index.php?rest_route=\/wp\/v2\/posts\/298791\/revisions"}],"wp:attachment":[{"href":"https:\/\/primermomento.com\/index.php?rest_route=%2Fwp%2Fv2%2Fmedia&parent=298791"}],"wp:term":[{"taxonomy":"category","embeddable":true,"href":"https:\/\/primermomento.com\/index.php?rest_route=%2Fwp%2Fv2%2Fcategories&post=298791"},{"taxonomy":"post_tag","embeddable":true,"href":"https:\/\/primermomento.com\/index.php?rest_route=%2Fwp%2Fv2%2Ftags&post=298791"}],"curies":[{"name":"wp","href":"https:\/\/api.w.org\/{rel}","templated":true}]}}